{"id":40971,"date":"2026-01-20T19:18:56","date_gmt":"2026-01-20T18:18:56","guid":{"rendered":"https:\/\/www.studiogera.de\/001\/?p=40971"},"modified":"2026-01-20T19:21:27","modified_gmt":"2026-01-20T18:21:27","slug":"das-denkmal-fuer-heinrich-posthumus","status":"publish","type":"post","link":"https:\/\/www.studiogera.de\/001\/2026\/01\/20\/das-denkmal-fuer-heinrich-posthumus\/","title":{"rendered":"DAS DENKMAL F\u00dcR HEINRICH POSTHUMUS"},"content":{"rendered":"\n<p><em>Am Donnerstag, den 29. Januar 2026, 14 Uhr, h\u00e4lt Manfred Otto Taubert im Stadtmuseum einen Vortrag \u00fcber das Denkmal f\u00fcr Heinrich Posthumus.<\/em><\/p>\n\n\n\n<p>Heinrich der J\u00fcngere Reu\u00df von Plauen (1572-1635) mit dem Beinamen Posthumus, \u201eder Nachgeborene\u201c, \u00fcbernahm im Alter von 23 Jahren 1595 die Regierung seines Landes, er war Herr zu Gera, Lobenstein und Oberkranichfeld. Im Verlauf seiner Regierungszeit erwarb er sich Verdienste als Begr\u00fcnder des gewerblichen Wohlstandes, Ausbau der Rechtspflege und des Bildungswesens. Die Gr\u00fcndung des Gymnasiums Rutheneum ist sein Werk und besonders die Unterst\u00fctzung der aus Flandern vertriebenen Zeugmacher brachte einen gro\u00dfen Wohlstand f\u00fcr die Stadt Gera. Bereits seit 1858 gab es in Gera ein \u201eComitee\u201c zur Erbauung eines Denkmales f\u00fcr den Landesherren Heinrich den J\u00fcngeren Reuss von Plauen (10.06.1572 \u2013 03.12.1635), genannt Posthumus. Das Vorlagemodell des Denkmals f\u00fcr Posthumus fertigte der damalige Direktor der N\u00fcrnberger Kunstschule, August Kreling. Er war 1861 vom \u201eComitee\u201c dazu beauftragt worden. 1863 erfolgte der Guss des Denkmals bei Lenz und Herold in N\u00fcrnberg. Das Denkmal wurde am 12. Juli 1863 eingeweiht und am 24.\/25. April 1958 entfernt. Der Verbleib konnte trotz vieler Recherchen nie gekl\u00e4rt werden. Die Zielstellung des im Jahr 1991 gegr\u00fcndeten Posthumus-Vereins bestand in der Wiedererrichtung des Denkmals in der alten Form. Aus verschiedenen Gr\u00fcnden konnte dies nicht realisiert werden. Im Jahr 2023 gr\u00fcndete sich die \u201eInteressengemeinschaft zur Wiedererrichtung des Heinrich Posthumus-Denkmals\u201c. Heute ist man dem Ziel der Wiedererrichtung dieses Denkmals nah wie nie zuvor. Im Vortrag erfahren Sie viele heute kaum bekannte Details zum Denkmal, zum \u201eschwarzen Block\u201c vor dem Rutheneum und zum gegenw\u00e4rtigen Stand der Dinge. Der Vortrag findet im Rahmen von \u201eGeschichte am Nachmittag\u201c statt, einer Veranstaltungsreihe des F\u00f6rdervereins Stadtmuseum Gera e. V.<\/p>\n\n\n\n<p>TEXT: MANFRED OTTO TAUBERT<\/p>\n","protected":false},"excerpt":{"rendered":"<div class=\"mh-excerpt\"><p>Am Donnerstag, den 29. Januar 2026, 14 Uhr, h\u00e4lt Manfred Otto Taubert im Stadtmuseum einen Vortrag \u00fcber das Denkmal f\u00fcr Heinrich Posthumus. Heinrich der J\u00fcngere Reu\u00df von Plauen (1572-1635) mit dem Beinamen Posthumus, \u201eder Nachgeborene\u201c, <a class=\"mh-excerpt-more\" href=\"https:\/\/www.studiogera.de\/001\/2026\/01\/20\/das-denkmal-fuer-heinrich-posthumus\/\" title=\"DAS DENKMAL F\u00dcR HEINRICH POSTHUMUS\">[&#8230;]<\/a><\/p>\n<\/div>","protected":false},"author":2,"featured_media":40973,"comment_status":"open","ping_status":"open","sticky":false,"template":"","format":"standard","meta":{"footnotes":""},"categories":[7],"tags":[],"class_list":{"0":"post-40971","1":"post","2":"type-post","3":"status-publish","4":"format-standard","5":"has-post-thumbnail","7":"category-regionalkunde"},"_links":{"self":[{"href":"https:\/\/www.studiogera.de\/001\/wp-json\/wp\/v2\/posts\/40971","targetHints":{"allow":["GET"]}}],"collection":[{"href":"https:\/\/www.studiogera.de\/001\/wp-json\/wp\/v2\/posts"}],"about":[{"href":"https:\/\/www.studiogera.de\/001\/wp-json\/wp\/v2\/types\/post"}],"author":[{"embeddable":true,"href":"https:\/\/www.studiogera.de\/001\/wp-json\/wp\/v2\/users\/2"}],"replies":[{"embeddable":true,"href":"https:\/\/www.studiogera.de\/001\/wp-json\/wp\/v2\/comments?post=40971"}],"version-history":[{"count":2,"href":"https:\/\/www.studiogera.de\/001\/wp-json\/wp\/v2\/posts\/40971\/revisions"}],"predecessor-version":[{"id":40974,"href":"https:\/\/www.studiogera.de\/001\/wp-json\/wp\/v2\/posts\/40971\/revisions\/40974"}],"wp:featuredmedia":[{"embeddable":true,"href":"https:\/\/www.studiogera.de\/001\/wp-json\/wp\/v2\/media\/40973"}],"wp:attachment":[{"href":"https:\/\/www.studiogera.de\/001\/wp-json\/wp\/v2\/media?parent=40971"}],"wp:term":[{"taxonomy":"category","embeddable":true,"href":"https:\/\/www.studiogera.de\/001\/wp-json\/wp\/v2\/categories?post=40971"},{"taxonomy":"post_tag","embeddable":true,"href":"https:\/\/www.studiogera.de\/001\/wp-json\/wp\/v2\/tags?post=40971"}],"curies":[{"name":"wp","href":"https:\/\/api.w.org\/{rel}","templated":true}]}}