{"id":40982,"date":"2026-01-21T09:27:25","date_gmt":"2026-01-21T08:27:25","guid":{"rendered":"https:\/\/www.studiogera.de\/001\/?p=40982"},"modified":"2026-01-21T09:27:25","modified_gmt":"2026-01-21T08:27:25","slug":"brennende-muelltonne-in-bad-koestritz","status":"publish","type":"post","link":"https:\/\/www.studiogera.de\/001\/2026\/01\/21\/brennende-muelltonne-in-bad-koestritz\/","title":{"rendered":"BRENNENDE M\u00dcLLTONNE IN BAD K\u00d6STRITZ"},"content":{"rendered":"\n<p>Am Montag, den 20. Janaur 2025, stellte ein Kontaktbereichsbeamter gegen 16.25 Uhr in der Stra\u00dfe &#8222;Am Schulberg&#8220; in Bad K\u00f6stritz eine brennende M\u00fclltonne fest. Die Flammen konnten noch vor Eintreffen der Feuerwehr mit Eigenmitteln gel\u00f6scht werden. Im Zuge der Ermittlungen wurden drei jugendliche Tatverd\u00e4chtige im Alter von 14 und 15 Jahren bekannt. Diese hatten die M\u00fclltonne mittels Feuerwerksk\u00f6rpern entz\u00fcndet. Der Sachschaden wird auf einen h\u00f6heren zweistelligen Wert gesch\u00e4tzt. Die Jugendlichen wurden belehrt und ihren Erziehungsberechtigten \u00fcbergeben. Weitere Ma\u00dfnahmen zum Ermittlungsverfahren \u00fcbernimmt der Kontaktbereichsbeamte.\u00a0<\/p>\n","protected":false},"excerpt":{"rendered":"<div class=\"mh-excerpt\"><p>Am Montag, den 20. Janaur 2025, stellte ein Kontaktbereichsbeamter gegen 16.25 Uhr in der Stra\u00dfe &#8222;Am Schulberg&#8220; in Bad K\u00f6stritz eine brennende M\u00fclltonne fest. Die Flammen konnten noch vor Eintreffen der Feuerwehr mit Eigenmitteln gel\u00f6scht <a class=\"mh-excerpt-more\" href=\"https:\/\/www.studiogera.de\/001\/2026\/01\/21\/brennende-muelltonne-in-bad-koestritz\/\" title=\"BRENNENDE M\u00dcLLTONNE IN BAD K\u00d6STRITZ\">[&#8230;]<\/a><\/p>\n<\/div>","protected":false},"author":3,"featured_media":9362,"comment_status":"open","ping_status":"open","sticky":false,"template":"","format":"standard","meta":{"footnotes":""},"categories":[13],"tags":[],"class_list":{"0":"post-40982","1":"post","2":"type-post","3":"status-publish","4":"format-standard","5":"has-post-thumbnail","7":"category-polizeiberichte"},"_links":{"self":[{"href":"https:\/\/www.studiogera.de\/001\/wp-json\/wp\/v2\/posts\/40982","targetHints":{"allow":["GET"]}}],"collection":[{"href":"https:\/\/www.studiogera.de\/001\/wp-json\/wp\/v2\/posts"}],"about":[{"href":"https:\/\/www.studiogera.de\/001\/wp-json\/wp\/v2\/types\/post"}],"author":[{"embeddable":true,"href":"https:\/\/www.studiogera.de\/001\/wp-json\/wp\/v2\/users\/3"}],"replies":[{"embeddable":true,"href":"https:\/\/www.studiogera.de\/001\/wp-json\/wp\/v2\/comments?post=40982"}],"version-history":[{"count":1,"href":"https:\/\/www.studiogera.de\/001\/wp-json\/wp\/v2\/posts\/40982\/revisions"}],"predecessor-version":[{"id":40983,"href":"https:\/\/www.studiogera.de\/001\/wp-json\/wp\/v2\/posts\/40982\/revisions\/40983"}],"wp:featuredmedia":[{"embeddable":true,"href":"https:\/\/www.studiogera.de\/001\/wp-json\/wp\/v2\/media\/9362"}],"wp:attachment":[{"href":"https:\/\/www.studiogera.de\/001\/wp-json\/wp\/v2\/media?parent=40982"}],"wp:term":[{"taxonomy":"category","embeddable":true,"href":"https:\/\/www.studiogera.de\/001\/wp-json\/wp\/v2\/categories?post=40982"},{"taxonomy":"post_tag","embeddable":true,"href":"https:\/\/www.studiogera.de\/001\/wp-json\/wp\/v2\/tags?post=40982"}],"curies":[{"name":"wp","href":"https:\/\/api.w.org\/{rel}","templated":true}]}}