{"id":40990,"date":"2026-01-21T10:33:12","date_gmt":"2026-01-21T09:33:12","guid":{"rendered":"https:\/\/www.studiogera.de\/001\/?p=40990"},"modified":"2026-01-21T10:40:38","modified_gmt":"2026-01-21T09:40:38","slug":"vogtland-mit-messestand-in-berlin-vertreten","status":"publish","type":"post","link":"https:\/\/www.studiogera.de\/001\/2026\/01\/21\/vogtland-mit-messestand-in-berlin-vertreten\/","title":{"rendered":"VOGTLAND MIT MESSESTAND IN BERLIN VERTRETEN"},"content":{"rendered":"\n<p>Seit Freitag, den 16. Januar 2026, pr\u00e4sentiert sich der Tourismusverband Vogtland e. V. (TVV) auf der 100. Internationalen Gr\u00fcnen Woche in Berlin. Gleich am ersten Messetag war der Stand dicht umringt von interessierten Besuchern. Ob Wandern, Radfahren oder Familienabenteuer: Die l\u00e4nder\u00fcbergreifende Ferienregion zeigte sich mit dem neuen Vogtland-Journal und den aktuellen touristischen H\u00f6hepunkten in Halle 20 von ihrer besten Seite. Am Th\u00fcringentag besuchte Ministerpr\u00e4sident Prof. Dr. Mario Voigt den Messestand.<\/p>\n\n\n\n<p>Dr. Ulli Sch\u00e4fer, Landrat des Landkreises Greiz und stellvertretender Vorsitzender des TVV, betonte:<\/p>\n\n\n\n<blockquote class=\"wp-block-quote is-layout-flow wp-block-quote-is-layout-flow\">\n<p>\u201eDas Vogtland \u00fcberzeugt mit au\u00dfergew\u00f6hnlicher Natur und vielf\u00e4ltiger Kultur. Eine besondere St\u00e4rke der Region ist unter anderem, dass sie \u00fcber gleich f\u00fcnf zertifizierte Wanderwege verf\u00fcgt, die auch abwechslungsreiche Mehrtagestouren erm\u00f6glichen. Dass der Ministerpr\u00e4sident des Freistaates Th\u00fcringen, Herr Voigt, den Landkreis und das Vogtland unterst\u00fctzt, zeigt sich nicht zuletzt auch in seinem Namen.\u201c<\/p>\n<\/blockquote>\n\n\n\n<p>In diesem Jahr unterst\u00fctzen die St\u00e4dte Bad K\u00f6stritz, Weida und Gera den Messeauftritt. Mit dem Wachtelhof Meyer aus Braunichswalde und der Strau\u00dfenfarm Burkhardt aus Hartha werben weitere Partner des TVV in der Messehalle 20 f\u00fcr ihre regionalen Spezialit\u00e4ten. B\u00fcrgermeister Oliver Voigt aus Bad K\u00f6stritz kam am Th\u00fcringentag in Begleitung der neuen Dahlienk\u00f6nigin.<\/p>\n\n\n\n<p>Der Messeauftritt wird auch in diesem Jahr wieder durch die beliebte Fotoaktion der Vogtlandwerkst\u00e4tten aus dem Landkreis Greiz begleitet, bei der sich Messebesucher vor einem Vogtland-Motiv fotografieren lassen und ihr Bild auf einer Stofftasche als Souvenir mit nach Hause nehmen k\u00f6nnen. Berlin und Brandenburg geh\u00f6ren zu den wichtigsten Quellm\u00e4rkten des Vogtlands, sodass der TVV gleichzeitig \u00fcber seine Social Media Kan\u00e4le hier besonders aktiv f\u00fcr die Urlaubsregion wirbt. Die Gr\u00fcne Woche ist eine der weltweit wichtigsten Messen f\u00fcr Ern\u00e4hrung, Landwirtschaft und Gartenbau und feiert in diesem Jahr ihr 100-j\u00e4hriges Bestehen. Bis zum kommenden Sonntag wird mit \u00fcber 300&#8217;000 Besuchern gerechnet.<\/p>\n\n\n\n<p>QUELLE: TOURISMUSVERBAND VOGTLAND<\/p>\n","protected":false},"excerpt":{"rendered":"<div class=\"mh-excerpt\"><p>Seit Freitag, den 16. Januar 2026, pr\u00e4sentiert sich der Tourismusverband Vogtland e. V. (TVV) auf der 100. Internationalen Gr\u00fcnen Woche in Berlin. Gleich am ersten Messetag war der Stand dicht umringt von interessierten Besuchern. Ob <a class=\"mh-excerpt-more\" href=\"https:\/\/www.studiogera.de\/001\/2026\/01\/21\/vogtland-mit-messestand-in-berlin-vertreten\/\" title=\"VOGTLAND MIT MESSESTAND IN BERLIN VERTRETEN\">[&#8230;]<\/a><\/p>\n<\/div>","protected":false},"author":2,"featured_media":40991,"comment_status":"open","ping_status":"open","sticky":false,"template":"","format":"standard","meta":{"footnotes":""},"categories":[8],"tags":[],"class_list":{"0":"post-40990","1":"post","2":"type-post","3":"status-publish","4":"format-standard","5":"has-post-thumbnail","7":"category-kultur"},"_links":{"self":[{"href":"https:\/\/www.studiogera.de\/001\/wp-json\/wp\/v2\/posts\/40990","targetHints":{"allow":["GET"]}}],"collection":[{"href":"https:\/\/www.studiogera.de\/001\/wp-json\/wp\/v2\/posts"}],"about":[{"href":"https:\/\/www.studiogera.de\/001\/wp-json\/wp\/v2\/types\/post"}],"author":[{"embeddable":true,"href":"https:\/\/www.studiogera.de\/001\/wp-json\/wp\/v2\/users\/2"}],"replies":[{"embeddable":true,"href":"https:\/\/www.studiogera.de\/001\/wp-json\/wp\/v2\/comments?post=40990"}],"version-history":[{"count":1,"href":"https:\/\/www.studiogera.de\/001\/wp-json\/wp\/v2\/posts\/40990\/revisions"}],"predecessor-version":[{"id":40992,"href":"https:\/\/www.studiogera.de\/001\/wp-json\/wp\/v2\/posts\/40990\/revisions\/40992"}],"wp:featuredmedia":[{"embeddable":true,"href":"https:\/\/www.studiogera.de\/001\/wp-json\/wp\/v2\/media\/40991"}],"wp:attachment":[{"href":"https:\/\/www.studiogera.de\/001\/wp-json\/wp\/v2\/media?parent=40990"}],"wp:term":[{"taxonomy":"category","embeddable":true,"href":"https:\/\/www.studiogera.de\/001\/wp-json\/wp\/v2\/categories?post=40990"},{"taxonomy":"post_tag","embeddable":true,"href":"https:\/\/www.studiogera.de\/001\/wp-json\/wp\/v2\/tags?post=40990"}],"curies":[{"name":"wp","href":"https:\/\/api.w.org\/{rel}","templated":true}]}}