{"id":40995,"date":"2026-01-21T10:56:33","date_gmt":"2026-01-21T09:56:33","guid":{"rendered":"https:\/\/www.studiogera.de\/001\/?p=40995"},"modified":"2026-01-21T10:56:35","modified_gmt":"2026-01-21T09:56:35","slug":"uebergabe-des-staffelstabes-zum-tag-des-offenen-denkmals","status":"publish","type":"post","link":"https:\/\/www.studiogera.de\/001\/2026\/01\/21\/uebergabe-des-staffelstabes-zum-tag-des-offenen-denkmals\/","title":{"rendered":"\u00dcBERGABE DES STAFFELSTABES ZUM TAG DES OFFENEN DENKMALS"},"content":{"rendered":"\n<p>Mit der feierlichen Staffelstab\u00fcbergabe an die Stadt Bamberg endet f\u00fcr die Stadt Gera ein besonderes Kapitel: Am 14. September 2025 war sie Austragungsort der Er\u00f6ffnung des Tags des offenen Denkmals. Am Donnerstag, den 15. Januar 2026, \u00fcbergab Oberb\u00fcrgermeister Kurt Dannenberg den symbolischen Staffelstab an seinen Bamberger Kollegen Andreas Starke. Bamberg wird in diesem Jahr Gastgeber der zentralen Er\u00f6ffnungsveranstaltung sein.<\/p>\n\n\n\n<p>\u201eBamberg \u00fcbernimmt den Staffelstab nach einem gro\u00dfartigen Denkmaljahr \u2013 wir gratulieren herzlich und w\u00fcnschen der Stadt eine ebenso erfolgreiche Veranstaltung, wie wir sie in unserer Stadt Gera erleben durften\u201c, so Oberb\u00fcrgermeister Kurt Dannenberg und erg\u00e4nzt:<\/p>\n\n\n\n<blockquote class=\"wp-block-quote is-layout-flow wp-block-quote-is-layout-flow\">\n<p>\u201eDer Tag des offenen Denkmals hat in unserer Stadt eindrucksvoll gezeigt, wie sehr baukulturelles Erbe Menschen verbindet \u2013 \u00fcber Stadt- und Landesgrenzen hinweg.\u201c<\/p>\n<\/blockquote>\n\n\n\n<p>Als bundesweite Er\u00f6ffnungsstadt begr\u00fc\u00dfte die Stadt Gera gemeinsam mit der Deutschen Stiftung Denkmalschutz insgesamt \u00fcber 17&#8217;000 G\u00e4ste. Von den rund 600 Denkmalen im gesamten Stadtgebiet konnten mehr als 40 besucht werden. Daneben hielt das Programm auf der Hauptb\u00fchne neben dem Kultur- und Kongresszentrum weitere H\u00f6hepunkte f\u00fcr die bundesweit angereisten G\u00e4ste bereit. Deutschlandweit \u00f6ffneten mehr als 6500 Denkmale in rund 2300 St\u00e4dten ihre T\u00fcren.<\/p>\n\n\n\n<p>Laura Kreisel, Leiterin der unteren Denkmalschutzbeh\u00f6rde, nimmt seit dieser Gro\u00dfveranstaltung ein st\u00e4rkeres Bewusstsein f\u00fcr das baukulturelle Erbe in der Geraer Bev\u00f6lkerung wahr:<\/p>\n\n\n\n<blockquote class=\"wp-block-quote is-layout-flow wp-block-quote-is-layout-flow\">\n<p>\u201eDie gro\u00dfe Wertsch\u00e4tzung \u2013 auch f\u00fcr die Architektur der Ostmoderne \u2013 hat einen bleibenden Stolz in Gera hinterlassen und pr\u00e4gt zunehmend den Blick auf unsere Stadtgeschichte.\u201c<\/p>\n<\/blockquote>\n\n\n\n<p>Aus diesem Grund wird sich die Stadt Gera auch in diesem Jahr am Tag des offenen Denkmals beteiligen, der am 13. September 2026 unter dem bundesweiten Motto \u201eNetzwerke: Denkmale &amp; Infrastruktur\u201c stehen wird. Nach derzeitiger Planung sollen zwischen 15 und 20 Programmpunkte angeboten werden. Formate wie \u201eSchaubaustellen\u201c, bei denen Restauratoren und Handwerksbetriebe ihre Arbeit live pr\u00e4sentieren, sollen fortgef\u00fchrt werden. Aufgrund der gro\u00dfen Resonanz im Vorjahr ist zudem angedacht, ausgew\u00e4hlte Denkmale erneut zu \u00f6ffnen, darunter das Kultur- und Kongresszentrum, die ehemalige SED-Bezirksleitung, der Bergfried von Schloss Osterstein sowie die Villa Hirsch. Mit Blick auf das Motto wird Gera in diesem Jahr erstmals unter Schutz gestellte Stra\u00dfen, Bahn- und Stra\u00dfenbahninfrastruktur sowie Br\u00fcckenbauwerke in den Fokus r\u00fccken. Die konkrete Programmplanung beginnt im Februar, sodass Details zu einem sp\u00e4teren Zeitpunkt bekanntgegeben werden.<\/p>\n\n\n\n<p>Durch den Tag des offenen Denkmals zeigt die Stadt Gera jedes Jahr, wie durch Denkmalschutz die eigene Stadtgeschichte erlebbar ist. Mit den \u00fcber 600 Denkm\u00e4lern im gesamten Stadtgebiet bietet sich die M\u00f6glichkeit, die Vielfalt sichtbar zu machen und das Bewusstsein f\u00fcr den eigenen kulturellen Reichtum zu st\u00e4rken.<\/p>\n\n\n\n<p>QUELLE: STADTVERWALTUNG<\/p>\n","protected":false},"excerpt":{"rendered":"<div class=\"mh-excerpt\"><p>Mit der feierlichen Staffelstab\u00fcbergabe an die Stadt Bamberg endet f\u00fcr die Stadt Gera ein besonderes Kapitel: Am 14. September 2025 war sie Austragungsort der Er\u00f6ffnung des Tags des offenen Denkmals. Am Donnerstag, den 15. Januar <a class=\"mh-excerpt-more\" href=\"https:\/\/www.studiogera.de\/001\/2026\/01\/21\/uebergabe-des-staffelstabes-zum-tag-des-offenen-denkmals\/\" title=\"\u00dcBERGABE DES STAFFELSTABES ZUM TAG DES OFFENEN DENKMALS\">[&#8230;]<\/a><\/p>\n<\/div>","protected":false},"author":2,"featured_media":40996,"comment_status":"open","ping_status":"open","sticky":false,"template":"","format":"standard","meta":{"footnotes":""},"categories":[8],"tags":[],"class_list":{"0":"post-40995","1":"post","2":"type-post","3":"status-publish","4":"format-standard","5":"has-post-thumbnail","7":"category-kultur"},"_links":{"self":[{"href":"https:\/\/www.studiogera.de\/001\/wp-json\/wp\/v2\/posts\/40995","targetHints":{"allow":["GET"]}}],"collection":[{"href":"https:\/\/www.studiogera.de\/001\/wp-json\/wp\/v2\/posts"}],"about":[{"href":"https:\/\/www.studiogera.de\/001\/wp-json\/wp\/v2\/types\/post"}],"author":[{"embeddable":true,"href":"https:\/\/www.studiogera.de\/001\/wp-json\/wp\/v2\/users\/2"}],"replies":[{"embeddable":true,"href":"https:\/\/www.studiogera.de\/001\/wp-json\/wp\/v2\/comments?post=40995"}],"version-history":[{"count":1,"href":"https:\/\/www.studiogera.de\/001\/wp-json\/wp\/v2\/posts\/40995\/revisions"}],"predecessor-version":[{"id":40997,"href":"https:\/\/www.studiogera.de\/001\/wp-json\/wp\/v2\/posts\/40995\/revisions\/40997"}],"wp:featuredmedia":[{"embeddable":true,"href":"https:\/\/www.studiogera.de\/001\/wp-json\/wp\/v2\/media\/40996"}],"wp:attachment":[{"href":"https:\/\/www.studiogera.de\/001\/wp-json\/wp\/v2\/media?parent=40995"}],"wp:term":[{"taxonomy":"category","embeddable":true,"href":"https:\/\/www.studiogera.de\/001\/wp-json\/wp\/v2\/categories?post=40995"},{"taxonomy":"post_tag","embeddable":true,"href":"https:\/\/www.studiogera.de\/001\/wp-json\/wp\/v2\/tags?post=40995"}],"curies":[{"name":"wp","href":"https:\/\/api.w.org\/{rel}","templated":true}]}}