{"id":40999,"date":"2026-01-23T11:10:38","date_gmt":"2026-01-23T10:10:38","guid":{"rendered":"https:\/\/www.studiogera.de\/001\/?p=40999"},"modified":"2026-01-23T11:12:07","modified_gmt":"2026-01-23T10:12:07","slug":"europaeische-soziale-plattform-als-alternative-zu-x-geplant","status":"publish","type":"post","link":"https:\/\/www.studiogera.de\/001\/2026\/01\/23\/europaeische-soziale-plattform-als-alternative-zu-x-geplant\/","title":{"rendered":"EUROP\u00c4ISCHE SOZIALE PLATTFORM ALS ALTERNATIVE ZU \u201eX\u201c GEPLANT"},"content":{"rendered":"\n<p>Das d\u00e4nische Nachrichtenportal \u201ePolitiken\u201c und die \u201eWashington Post\u201c berichten von einer geplanten europ\u00e4ischen sozialen Plattform als Alternative zu \u201eX\u201c. Sie soll den Namen \u201eW\u201c erhalten, die strengen EU-Datenschutzgesetze ber\u00fccksichtigen, eine menschliche Verifizierung mittels Passbild verlangen und ein Medium gegen Falschinformationen sein. Das Projekt kommt der Forderung vieler EU-Parlamentarier entgegen, die \u00fcber systematische Desinformation klagen, ein nachlassendes Vertrauen der \u00d6ffentlichkeit beobachten und die demokratische Entscheidungsfindung geschw\u00e4cht sehen.<\/p>\n\n\n\n<p>Die Plattform \u201eW\u201c wurde am 19. Januar 2026 zur Er\u00f6ffnung des Weltwirtschaftsforums vorgestellt. Das W, eine im Mittelalter entstandene Verdoppelung des Buchstabes V, steht f\u00fcr \u201eValues\u201c und \u201eVerified\u201c, zu deutsch \u201eWerte\u201c und \u201everifiziert\u201c. Bei \u201eW\u201c handelt es sich um einen Ableger von \u201eWe Don&#8217;t Have Time\u201c, einer Medienplattform f\u00fcr Klimaschutzma\u00dfnahmen. Beide Unternehmen haben ihren Sitz in Schweden. Es wird darauf gehofft, dass sich europ\u00e4ische Politiker k\u00fcnftig auf \u201eW\u201e anstatt \u201eX\u201c zu Wort melden.<\/p>\n\n\n\n<p>\u201eWe Don&#8217;t Have Time\u201c beschreibt sich selbst als Bewegung und Tech-Startup, das die Macht der sozialen Medien nutzt, um F\u00fchrungskr\u00e4fte und Unternehmen f\u00fcr den Klimawandel zur Rechenschaft zu ziehen. Gesch\u00e4ftsf\u00fchrer ist Ingmar Rentzhog, der einst Greta Thunberg f\u00fcr die Klimabewegung profilierte.<\/p>\n","protected":false},"excerpt":{"rendered":"<div class=\"mh-excerpt\"><p>Das d\u00e4nische Nachrichtenportal \u201ePolitiken\u201c und die \u201eWashington Post\u201c berichten von einer geplanten europ\u00e4ischen sozialen Plattform als Alternative zu \u201eX\u201c. Sie soll den Namen \u201eW\u201c erhalten, die strengen EU-Datenschutzgesetze ber\u00fccksichtigen, eine menschliche Verifizierung mittels Passbild verlangen <a class=\"mh-excerpt-more\" href=\"https:\/\/www.studiogera.de\/001\/2026\/01\/23\/europaeische-soziale-plattform-als-alternative-zu-x-geplant\/\" title=\"EUROP\u00c4ISCHE SOZIALE PLATTFORM ALS ALTERNATIVE ZU \u201eX\u201c GEPLANT\">[&#8230;]<\/a><\/p>\n<\/div>","protected":false},"author":2,"featured_media":39862,"comment_status":"open","ping_status":"open","sticky":false,"template":"","format":"standard","meta":{"footnotes":""},"categories":[17],"tags":[],"class_list":{"0":"post-40999","1":"post","2":"type-post","3":"status-publish","4":"format-standard","5":"has-post-thumbnail","7":"category-medien"},"_links":{"self":[{"href":"https:\/\/www.studiogera.de\/001\/wp-json\/wp\/v2\/posts\/40999","targetHints":{"allow":["GET"]}}],"collection":[{"href":"https:\/\/www.studiogera.de\/001\/wp-json\/wp\/v2\/posts"}],"about":[{"href":"https:\/\/www.studiogera.de\/001\/wp-json\/wp\/v2\/types\/post"}],"author":[{"embeddable":true,"href":"https:\/\/www.studiogera.de\/001\/wp-json\/wp\/v2\/users\/2"}],"replies":[{"embeddable":true,"href":"https:\/\/www.studiogera.de\/001\/wp-json\/wp\/v2\/comments?post=40999"}],"version-history":[{"count":2,"href":"https:\/\/www.studiogera.de\/001\/wp-json\/wp\/v2\/posts\/40999\/revisions"}],"predecessor-version":[{"id":41001,"href":"https:\/\/www.studiogera.de\/001\/wp-json\/wp\/v2\/posts\/40999\/revisions\/41001"}],"wp:featuredmedia":[{"embeddable":true,"href":"https:\/\/www.studiogera.de\/001\/wp-json\/wp\/v2\/media\/39862"}],"wp:attachment":[{"href":"https:\/\/www.studiogera.de\/001\/wp-json\/wp\/v2\/media?parent=40999"}],"wp:term":[{"taxonomy":"category","embeddable":true,"href":"https:\/\/www.studiogera.de\/001\/wp-json\/wp\/v2\/categories?post=40999"},{"taxonomy":"post_tag","embeddable":true,"href":"https:\/\/www.studiogera.de\/001\/wp-json\/wp\/v2\/tags?post=40999"}],"curies":[{"name":"wp","href":"https:\/\/api.w.org\/{rel}","templated":true}]}}