{"id":41002,"date":"2026-01-23T12:17:41","date_gmt":"2026-01-23T11:17:41","guid":{"rendered":"https:\/\/www.studiogera.de\/001\/?p=41002"},"modified":"2026-01-23T12:17:43","modified_gmt":"2026-01-23T11:17:43","slug":"bk-merz-formuliert-grundproblem-der-eu","status":"publish","type":"post","link":"https:\/\/www.studiogera.de\/001\/2026\/01\/23\/bk-merz-formuliert-grundproblem-der-eu\/","title":{"rendered":"BK MERZ FORMULIERT GRUNDPROBLEM DER EU"},"content":{"rendered":"\n<p>Beim Weltwirtschaftsforum in Davos sagte Bundeskanzler Friedrich Merz in seiner Rede, es sei eine Zeit der Gro\u00dfm\u00e4chte angebrochen. Um die Zukunft mitgestalten zu k\u00f6nnen, m\u00fcsse Europa mehr f\u00fcr die Sicherheit und Wettbewerbsf\u00e4higkeit tun. Er kritisierte die B\u00fcrokratie und f\u00fchrte aus, Deutschland und die EU h\u00e4tten ihr eigenes Wachstum mit endlosen Vorschriften, verz\u00f6gerten Reformen und dem Reflex, erst zu regulieren und dann zu \u00fcberlegen, selbst sabotiert. Eigentlich sollte der EU-Binnenmarkt st\u00e4rker sein als alle anderen, doch stattdessen wurde er zu einem Museum f\u00fcr Formulare, Genehmigungen und Compliance-Abteilungen. Europa habe seine Wettbewerbsf\u00e4higkeit nicht an China oder die USA verloren, sondern sie unter Papierkram begraben, stellte der Bundeskanzler die Problemlage heraus.<\/p>\n","protected":false},"excerpt":{"rendered":"<div class=\"mh-excerpt\"><p>Beim Weltwirtschaftsforum in Davos sagte Bundeskanzler Friedrich Merz in seiner Rede, es sei eine Zeit der Gro\u00dfm\u00e4chte angebrochen. Um die Zukunft mitgestalten zu k\u00f6nnen, m\u00fcsse Europa mehr f\u00fcr die Sicherheit und Wettbewerbsf\u00e4higkeit tun. Er kritisierte <a class=\"mh-excerpt-more\" href=\"https:\/\/www.studiogera.de\/001\/2026\/01\/23\/bk-merz-formuliert-grundproblem-der-eu\/\" title=\"BK MERZ FORMULIERT GRUNDPROBLEM DER EU\">[&#8230;]<\/a><\/p>\n<\/div>","protected":false},"author":2,"featured_media":41019,"comment_status":"open","ping_status":"open","sticky":false,"template":"","format":"standard","meta":{"footnotes":""},"categories":[2],"tags":[],"class_list":{"0":"post-41002","1":"post","2":"type-post","3":"status-publish","4":"format-standard","5":"has-post-thumbnail","7":"category-weltweit"},"_links":{"self":[{"href":"https:\/\/www.studiogera.de\/001\/wp-json\/wp\/v2\/posts\/41002","targetHints":{"allow":["GET"]}}],"collection":[{"href":"https:\/\/www.studiogera.de\/001\/wp-json\/wp\/v2\/posts"}],"about":[{"href":"https:\/\/www.studiogera.de\/001\/wp-json\/wp\/v2\/types\/post"}],"author":[{"embeddable":true,"href":"https:\/\/www.studiogera.de\/001\/wp-json\/wp\/v2\/users\/2"}],"replies":[{"embeddable":true,"href":"https:\/\/www.studiogera.de\/001\/wp-json\/wp\/v2\/comments?post=41002"}],"version-history":[{"count":2,"href":"https:\/\/www.studiogera.de\/001\/wp-json\/wp\/v2\/posts\/41002\/revisions"}],"predecessor-version":[{"id":41004,"href":"https:\/\/www.studiogera.de\/001\/wp-json\/wp\/v2\/posts\/41002\/revisions\/41004"}],"wp:featuredmedia":[{"embeddable":true,"href":"https:\/\/www.studiogera.de\/001\/wp-json\/wp\/v2\/media\/41019"}],"wp:attachment":[{"href":"https:\/\/www.studiogera.de\/001\/wp-json\/wp\/v2\/media?parent=41002"}],"wp:term":[{"taxonomy":"category","embeddable":true,"href":"https:\/\/www.studiogera.de\/001\/wp-json\/wp\/v2\/categories?post=41002"},{"taxonomy":"post_tag","embeddable":true,"href":"https:\/\/www.studiogera.de\/001\/wp-json\/wp\/v2\/tags?post=41002"}],"curies":[{"name":"wp","href":"https:\/\/api.w.org\/{rel}","templated":true}]}}