{"id":41005,"date":"2026-01-23T11:43:50","date_gmt":"2026-01-23T10:43:50","guid":{"rendered":"https:\/\/www.studiogera.de\/001\/?p=41005"},"modified":"2026-01-23T11:44:02","modified_gmt":"2026-01-23T10:44:02","slug":"tage-der-offenen-tuer-im-internat-der-stadt-gera-2","status":"publish","type":"post","link":"https:\/\/www.studiogera.de\/001\/2026\/01\/23\/tage-der-offenen-tuer-im-internat-der-stadt-gera-2\/","title":{"rendered":"TAGE DER OFFENEN T\u00dcR IM INTERNAT DER STADT GERA"},"content":{"rendered":"\n<p>Das Internat der Stadt Gera \u00f6ffnet am Freitag, den 23. Januar 2026, zwischen 10 Uhr und 15 Uhr, und am Samstag, den 28. Februar 2026, zwischen 10 und 13 Uhr seine T\u00fcren. Alle Interessierten haben die M\u00f6glichkeit, sich die Unterbringungsm\u00f6glichkeiten in der Maler-Fischer-Stra\u00dfe 2 pers\u00f6nlich anzuschauen sowie Informationen \u00fcber die Anmeldevoraussetzungen zu erhalten. Angesprochen werden insbesondere Sch\u00fcler der Musikspezialklassen am Rutheneum seit 1608, Auszubildende der staatlichen berufsbildenden Schulen der Stadt Gera oder von Schulen in freier Tr\u00e4gerschaft sowie Studierende der Fach- und Hochschulen auf dem Gebiet der Stadt Gera, welche eine Unterkunft ben\u00f6tigen.<\/p>\n\n\n\n<p>Das Internat der Stadt Gera bietet w\u00e4hrend der Ausbildungs-, Schul- oder Studienzeit eine Unterkunft unter Wahrung der st\u00e4ndigen F\u00fcrsorge- und Aufsichtspflicht. Es stellt ein Wohnangebot f\u00fcr gleichzeitig bis zu 144 Personen zur Verf\u00fcgung. Das Haus bietet den Bewohnerinnen und Bewohnern \u00fcberwiegend Zwei- und Dreibettzimmer mit integrierter Nasszelle mit Waschbecken und Toilette an. Auf sechs Etagen gibt es einen zentralen Duschraum und eine Gemeinschaftsk\u00fcche. F\u00fcnf Aufenthaltsr\u00e4ume, sechs Musikprobenr\u00e4ume, zwei Fitnessr\u00e4ume sowie ein gro\u00dfz\u00fcgiges Au\u00dfengel\u00e4nde laden zur aktiven Freizeitgestaltung und sportlichen Bet\u00e4tigung ein. Die Zuweisung eines Internatsplatzes erfolgt durch die Stadt Gera auf schriftlichen Antrag entsprechend der Satzungen f\u00fcr das Internat.<\/p>\n\n\n\n<p>Damit allen Besuchern am Tag der offenen T\u00fcr ein pers\u00f6nliches Beratungsgespr\u00e4ch angeboten werden kann, wird um vorherige Anmeldung unter der Rufnummer 0365 55215390 oder \u00fcber \u201einternat@gera.de\u201c gebeten.<\/p>\n\n\n\n<p>QUELLE: STADTVERWALTUNG<\/p>\n","protected":false},"excerpt":{"rendered":"<div class=\"mh-excerpt\"><p>Das Internat der Stadt Gera \u00f6ffnet am Freitag, den 23. Januar 2026, zwischen 10 Uhr und 15 Uhr, und am Samstag, den 28. Februar 2026, zwischen 10 und 13 Uhr seine T\u00fcren. Alle Interessierten haben <a class=\"mh-excerpt-more\" href=\"https:\/\/www.studiogera.de\/001\/2026\/01\/23\/tage-der-offenen-tuer-im-internat-der-stadt-gera-2\/\" title=\"TAGE DER OFFENEN T\u00dcR IM INTERNAT DER STADT GERA\">[&#8230;]<\/a><\/p>\n<\/div>","protected":false},"author":2,"featured_media":15019,"comment_status":"open","ping_status":"open","sticky":false,"template":"","format":"standard","meta":{"footnotes":""},"categories":[3],"tags":[],"class_list":{"0":"post-41005","1":"post","2":"type-post","3":"status-publish","4":"format-standard","5":"has-post-thumbnail","7":"category-lokal"},"_links":{"self":[{"href":"https:\/\/www.studiogera.de\/001\/wp-json\/wp\/v2\/posts\/41005","targetHints":{"allow":["GET"]}}],"collection":[{"href":"https:\/\/www.studiogera.de\/001\/wp-json\/wp\/v2\/posts"}],"about":[{"href":"https:\/\/www.studiogera.de\/001\/wp-json\/wp\/v2\/types\/post"}],"author":[{"embeddable":true,"href":"https:\/\/www.studiogera.de\/001\/wp-json\/wp\/v2\/users\/2"}],"replies":[{"embeddable":true,"href":"https:\/\/www.studiogera.de\/001\/wp-json\/wp\/v2\/comments?post=41005"}],"version-history":[{"count":2,"href":"https:\/\/www.studiogera.de\/001\/wp-json\/wp\/v2\/posts\/41005\/revisions"}],"predecessor-version":[{"id":41007,"href":"https:\/\/www.studiogera.de\/001\/wp-json\/wp\/v2\/posts\/41005\/revisions\/41007"}],"wp:featuredmedia":[{"embeddable":true,"href":"https:\/\/www.studiogera.de\/001\/wp-json\/wp\/v2\/media\/15019"}],"wp:attachment":[{"href":"https:\/\/www.studiogera.de\/001\/wp-json\/wp\/v2\/media?parent=41005"}],"wp:term":[{"taxonomy":"category","embeddable":true,"href":"https:\/\/www.studiogera.de\/001\/wp-json\/wp\/v2\/categories?post=41005"},{"taxonomy":"post_tag","embeddable":true,"href":"https:\/\/www.studiogera.de\/001\/wp-json\/wp\/v2\/tags?post=41005"}],"curies":[{"name":"wp","href":"https:\/\/api.w.org\/{rel}","templated":true}]}}