{"id":41010,"date":"2026-01-23T11:54:52","date_gmt":"2026-01-23T10:54:52","guid":{"rendered":"https:\/\/www.studiogera.de\/001\/?p=41010"},"modified":"2026-01-23T11:54:53","modified_gmt":"2026-01-23T10:54:53","slug":"verkehrseinschraenkungen-im-stadtgebiet","status":"publish","type":"post","link":"https:\/\/www.studiogera.de\/001\/2026\/01\/23\/verkehrseinschraenkungen-im-stadtgebiet\/","title":{"rendered":"VERKEHRSEINSCHR\u00c4NKUNGEN IM STADTGEBIET"},"content":{"rendered":"\n<p>Die Stadtverwaltung informiert \u00fcber die gegenw\u00e4rtigen Verkehrseinschr\u00e4nkungen. Seit dem 12. Januar 2026 ist die Wiesestra\u00dfe im Bereich Gleisdreieck gesperrt. In der Amthorstra\u00dfe wurde eine Baustelle f\u00fcr die Zeit bis zum 13. Februar 2026 eingerichtet. Dort wird ein Kabelschacht erneuert. Im Br\u00fcxgrund finden vom 28. bis 30. Januar 206 Geh\u00f6lzarbeitet statt. Die Vollersdorfer Stra\u00dfe wird wegen des Abbruchs eines Geb\u00e4udes vom 2. bis 13. Februar gesperrt. Am 18. Februar wir die Franz-Petrich-Stra\u00dfe in H\u00f6he des Hauses 38 wegen der Arbeitem am Geb\u00e4ude halbseitig gesperrt.<\/p>\n","protected":false},"excerpt":{"rendered":"<div class=\"mh-excerpt\"><p>Die Stadtverwaltung informiert \u00fcber die gegenw\u00e4rtigen Verkehrseinschr\u00e4nkungen. Seit dem 12. Januar 2026 ist die Wiesestra\u00dfe im Bereich Gleisdreieck gesperrt. In der Amthorstra\u00dfe wurde eine Baustelle f\u00fcr die Zeit bis zum 13. Februar 2026 eingerichtet. Dort <a class=\"mh-excerpt-more\" href=\"https:\/\/www.studiogera.de\/001\/2026\/01\/23\/verkehrseinschraenkungen-im-stadtgebiet\/\" title=\"VERKEHRSEINSCHR\u00c4NKUNGEN IM STADTGEBIET\">[&#8230;]<\/a><\/p>\n<\/div>","protected":false},"author":2,"featured_media":31498,"comment_status":"open","ping_status":"open","sticky":false,"template":"","format":"standard","meta":{"footnotes":""},"categories":[16],"tags":[],"class_list":{"0":"post-41010","1":"post","2":"type-post","3":"status-publish","4":"format-standard","5":"has-post-thumbnail","7":"category-kurzmitteilungen"},"_links":{"self":[{"href":"https:\/\/www.studiogera.de\/001\/wp-json\/wp\/v2\/posts\/41010","targetHints":{"allow":["GET"]}}],"collection":[{"href":"https:\/\/www.studiogera.de\/001\/wp-json\/wp\/v2\/posts"}],"about":[{"href":"https:\/\/www.studiogera.de\/001\/wp-json\/wp\/v2\/types\/post"}],"author":[{"embeddable":true,"href":"https:\/\/www.studiogera.de\/001\/wp-json\/wp\/v2\/users\/2"}],"replies":[{"embeddable":true,"href":"https:\/\/www.studiogera.de\/001\/wp-json\/wp\/v2\/comments?post=41010"}],"version-history":[{"count":1,"href":"https:\/\/www.studiogera.de\/001\/wp-json\/wp\/v2\/posts\/41010\/revisions"}],"predecessor-version":[{"id":41011,"href":"https:\/\/www.studiogera.de\/001\/wp-json\/wp\/v2\/posts\/41010\/revisions\/41011"}],"wp:featuredmedia":[{"embeddable":true,"href":"https:\/\/www.studiogera.de\/001\/wp-json\/wp\/v2\/media\/31498"}],"wp:attachment":[{"href":"https:\/\/www.studiogera.de\/001\/wp-json\/wp\/v2\/media?parent=41010"}],"wp:term":[{"taxonomy":"category","embeddable":true,"href":"https:\/\/www.studiogera.de\/001\/wp-json\/wp\/v2\/categories?post=41010"},{"taxonomy":"post_tag","embeddable":true,"href":"https:\/\/www.studiogera.de\/001\/wp-json\/wp\/v2\/tags?post=41010"}],"curies":[{"name":"wp","href":"https:\/\/api.w.org\/{rel}","templated":true}]}}