{"id":41015,"date":"2026-01-23T12:14:21","date_gmt":"2026-01-23T11:14:21","guid":{"rendered":"https:\/\/www.studiogera.de\/001\/?p=41015"},"modified":"2026-01-23T12:14:22","modified_gmt":"2026-01-23T11:14:22","slug":"berufsschule-enzianstrasse-18-erhaelt-moderne-videowand","status":"publish","type":"post","link":"https:\/\/www.studiogera.de\/001\/2026\/01\/23\/berufsschule-enzianstrasse-18-erhaelt-moderne-videowand\/","title":{"rendered":"BERUFSSCHULE ENZIANSTRASSE 18 ERH\u00c4LT MODERNE VIDEOWAND"},"content":{"rendered":"\n<p>Diese Woche wurde in der Aula der Staatlichen Berufsbildenden Schule Wirtschaft\/Verwaltung \u201eDr. Eduard Amthor\u201c eine hochmoderne Videowall offiziell eingeweiht. Die technisch hochwertige Anlage erm\u00f6glicht es den Sch\u00fclern, k\u00fcnftig noch anschaulicher und interaktiver Projekte umzusetzen. In dieser Woche ist die Videowand erstmalig f\u00fcr Kolloquien der Seminarfacharbeiten der Abschlussklassen im Einsatz. Die Anschaffung der Videowall wurde vollst\u00e4ndig durch die Stadt Gera aus eigenen Mitteln finanziert \u2013 eine Investition, die die Bedeutung der Bildung f\u00fcr die Gesellschaft unterstreicht. Oberb\u00fcrgermeister Kurt Dannenberg betonte:<\/p>\n\n\n\n<blockquote class=\"wp-block-quote is-layout-flow wp-block-quote-is-layout-flow\">\n<p>\u201eGute Bildung ist die Grundlage unserer Gesellschaft. Investitionen in Bildung sind Investitionen in die Zukunft unserer Stadt und unseres Landes.\u201c<\/p>\n<\/blockquote>\n\n\n\n<p>Auch Schulleiter Joachim Block zeigte sich erfreut \u00fcber die neue Ausstattung und dankte der Stadt Gera f\u00fcr die Unterst\u00fctzung:<\/p>\n\n\n\n<blockquote class=\"wp-block-quote is-layout-flow wp-block-quote-is-layout-flow\">\n<p>\u201eDiese Investition in moderne Technik ist ein klares Bekenntnis zu unserer Bildungsarbeit und schafft beste Voraussetzungen f\u00fcr den Lernerfolg unserer Sch\u00fclerinnen und Sch\u00fcler.\u201c<\/p>\n<\/blockquote>\n\n\n\n<p>Derzeit lernen an der Schule rund 1100 Sch\u00fclerinnen und Sch\u00fcler in zw\u00f6lf dualen Berufsbildern sowie in den Wahlschulformen Berufsfachschule, Fachoberschule und berufliches Gymnasium. Das Angebot umfasst auch die h\u00f6chstqualifizierenden Abschl\u00fcsse \u2013 die allgemeine Hochschulreife (Abitur) \u2013, die in den Fachrichtungen Wirtschaft, Technik (Gestaltungs- und Medientechnik) sowie Gesundheit\/Soziales erworben werden kann. Mit diesem Abschluss ist ein Studium an allen Hochschulen und Universit\u00e4ten m\u00f6glich, da es sich um die allgemeine Hochschulreife handelt. Die Anmeldewoche f\u00fcr das kommende Schuljahr findet vom 16. bis 20. M\u00e4rz 2026 statt. F\u00fcr die Wahlschulformen endet die Anmeldefrist am 31. M\u00e4rz 2026. F\u00fcr die Aufnahme in einen dualen Beruf ist ein Ausbildungsplatz in einem Unternehmen Voraussetzung, die Anmeldung erfolgt durch den Ausbildungsbetrieb.<\/p>\n\n\n\n<p>Die Staatliche Berufsbildende Schule Wirtschaft\/Verwaltung in Gera verf\u00fcgt \u00fcber eine lange Tradition. Gegr\u00fcndet wurde die erste Handelsschule Th\u00fcringens durch Dr. Eduard Amthor am 8. Oktober 1848 in Hildburghausen. Aufgrund steigender Kapazit\u00e4tsanforderungen zog die Schule nach Gera, wo am 1. Mai 1854 die Geraer Handelsschule gegr\u00fcndet wurde. Eduard Gottlieb Amthor gilt als eine der bedeutendsten Pers\u00f6nlichkeiten der Handelsschulbewegung des 19. Jahrhunderts und ist somit ein bedeutender Wegbereiter der Wirtschaftsp\u00e4dagogik. Seit dem 25. November 2015 tr\u00e4gt die Schule den Namenszusatz \u201eDr. Eduard Amthor\u201c zu Ehren ihres Gr\u00fcnders.<\/p>\n\n\n\n<p>QUELLE: STADTVERWALTUNG<\/p>\n","protected":false},"excerpt":{"rendered":"<div class=\"mh-excerpt\"><p>Diese Woche wurde in der Aula der Staatlichen Berufsbildenden Schule Wirtschaft\/Verwaltung \u201eDr. Eduard Amthor\u201c eine hochmoderne Videowall offiziell eingeweiht. Die technisch hochwertige Anlage erm\u00f6glicht es den Sch\u00fclern, k\u00fcnftig noch anschaulicher und interaktiver Projekte umzusetzen. In <a class=\"mh-excerpt-more\" href=\"https:\/\/www.studiogera.de\/001\/2026\/01\/23\/berufsschule-enzianstrasse-18-erhaelt-moderne-videowand\/\" title=\"BERUFSSCHULE ENZIANSTRASSE 18 ERH\u00c4LT MODERNE VIDEOWAND\">[&#8230;]<\/a><\/p>\n<\/div>","protected":false},"author":2,"featured_media":41017,"comment_status":"open","ping_status":"open","sticky":false,"template":"","format":"standard","meta":{"footnotes":""},"categories":[3],"tags":[],"class_list":{"0":"post-41015","1":"post","2":"type-post","3":"status-publish","4":"format-standard","5":"has-post-thumbnail","7":"category-lokal"},"_links":{"self":[{"href":"https:\/\/www.studiogera.de\/001\/wp-json\/wp\/v2\/posts\/41015","targetHints":{"allow":["GET"]}}],"collection":[{"href":"https:\/\/www.studiogera.de\/001\/wp-json\/wp\/v2\/posts"}],"about":[{"href":"https:\/\/www.studiogera.de\/001\/wp-json\/wp\/v2\/types\/post"}],"author":[{"embeddable":true,"href":"https:\/\/www.studiogera.de\/001\/wp-json\/wp\/v2\/users\/2"}],"replies":[{"embeddable":true,"href":"https:\/\/www.studiogera.de\/001\/wp-json\/wp\/v2\/comments?post=41015"}],"version-history":[{"count":2,"href":"https:\/\/www.studiogera.de\/001\/wp-json\/wp\/v2\/posts\/41015\/revisions"}],"predecessor-version":[{"id":41018,"href":"https:\/\/www.studiogera.de\/001\/wp-json\/wp\/v2\/posts\/41015\/revisions\/41018"}],"wp:featuredmedia":[{"embeddable":true,"href":"https:\/\/www.studiogera.de\/001\/wp-json\/wp\/v2\/media\/41017"}],"wp:attachment":[{"href":"https:\/\/www.studiogera.de\/001\/wp-json\/wp\/v2\/media?parent=41015"}],"wp:term":[{"taxonomy":"category","embeddable":true,"href":"https:\/\/www.studiogera.de\/001\/wp-json\/wp\/v2\/categories?post=41015"},{"taxonomy":"post_tag","embeddable":true,"href":"https:\/\/www.studiogera.de\/001\/wp-json\/wp\/v2\/tags?post=41015"}],"curies":[{"name":"wp","href":"https:\/\/api.w.org\/{rel}","templated":true}]}}