{"id":41024,"date":"2026-01-24T03:51:42","date_gmt":"2026-01-24T02:51:42","guid":{"rendered":"https:\/\/www.studiogera.de\/001\/?p=41024"},"modified":"2026-01-24T03:51:44","modified_gmt":"2026-01-24T02:51:44","slug":"diebstahl-aus-garage","status":"publish","type":"post","link":"https:\/\/www.studiogera.de\/001\/2026\/01\/24\/diebstahl-aus-garage\/","title":{"rendered":"DIEBSTAHL AUS GARAGE"},"content":{"rendered":"\n<p>Im Zeitraum von September 2025 bis zum 21. Januar 2026 brachen unbekannte T\u00e4ter eine Garage in der Pasternakstra\u00dfe auf. Entwendet wurde ein kompletter Satz R\u00e4der im Wert von etwa 1000 Euro. Zus\u00e4tzlich entstand Sachschaden am Garagentor. Die Polizei sicherte die Spuren und ermittelt nun wegen des besonders schweren Diebstahls.<\/p>\n","protected":false},"excerpt":{"rendered":"<div class=\"mh-excerpt\"><p>Im Zeitraum von September 2025 bis zum 21. Januar 2026 brachen unbekannte T\u00e4ter eine Garage in der Pasternakstra\u00dfe auf. Entwendet wurde ein kompletter Satz R\u00e4der im Wert von etwa 1000 Euro. Zus\u00e4tzlich entstand Sachschaden am <a class=\"mh-excerpt-more\" href=\"https:\/\/www.studiogera.de\/001\/2026\/01\/24\/diebstahl-aus-garage\/\" title=\"DIEBSTAHL AUS GARAGE\">[&#8230;]<\/a><\/p>\n<\/div>","protected":false},"author":3,"featured_media":9353,"comment_status":"open","ping_status":"open","sticky":false,"template":"","format":"standard","meta":{"footnotes":""},"categories":[13],"tags":[],"class_list":{"0":"post-41024","1":"post","2":"type-post","3":"status-publish","4":"format-standard","5":"has-post-thumbnail","7":"category-polizeiberichte"},"_links":{"self":[{"href":"https:\/\/www.studiogera.de\/001\/wp-json\/wp\/v2\/posts\/41024","targetHints":{"allow":["GET"]}}],"collection":[{"href":"https:\/\/www.studiogera.de\/001\/wp-json\/wp\/v2\/posts"}],"about":[{"href":"https:\/\/www.studiogera.de\/001\/wp-json\/wp\/v2\/types\/post"}],"author":[{"embeddable":true,"href":"https:\/\/www.studiogera.de\/001\/wp-json\/wp\/v2\/users\/3"}],"replies":[{"embeddable":true,"href":"https:\/\/www.studiogera.de\/001\/wp-json\/wp\/v2\/comments?post=41024"}],"version-history":[{"count":1,"href":"https:\/\/www.studiogera.de\/001\/wp-json\/wp\/v2\/posts\/41024\/revisions"}],"predecessor-version":[{"id":41025,"href":"https:\/\/www.studiogera.de\/001\/wp-json\/wp\/v2\/posts\/41024\/revisions\/41025"}],"wp:featuredmedia":[{"embeddable":true,"href":"https:\/\/www.studiogera.de\/001\/wp-json\/wp\/v2\/media\/9353"}],"wp:attachment":[{"href":"https:\/\/www.studiogera.de\/001\/wp-json\/wp\/v2\/media?parent=41024"}],"wp:term":[{"taxonomy":"category","embeddable":true,"href":"https:\/\/www.studiogera.de\/001\/wp-json\/wp\/v2\/categories?post=41024"},{"taxonomy":"post_tag","embeddable":true,"href":"https:\/\/www.studiogera.de\/001\/wp-json\/wp\/v2\/tags?post=41024"}],"curies":[{"name":"wp","href":"https:\/\/api.w.org\/{rel}","templated":true}]}}