{"id":41030,"date":"2026-01-24T04:04:47","date_gmt":"2026-01-24T03:04:47","guid":{"rendered":"https:\/\/www.studiogera.de\/001\/?p=41030"},"modified":"2026-01-24T04:04:48","modified_gmt":"2026-01-24T03:04:48","slug":"brandlegung-in-geschaeft-am-bahnhofsplatz","status":"publish","type":"post","link":"https:\/\/www.studiogera.de\/001\/2026\/01\/24\/brandlegung-in-geschaeft-am-bahnhofsplatz\/","title":{"rendered":"BRANDLEGUNG IN GESCH\u00c4FT AM BAHNHOFSPLATZ"},"content":{"rendered":"\n<p>Am 22. Januar 2026 entz\u00fcndete eine 40-j\u00e4hrige Frau gegen 7.45 Uhr Papier auf dem Fu\u00dfboden eines Gesch\u00e4fts am Bahnhofsplatz. Dadurch wurde der Bodenbelag besch\u00e4digt und Schaden im niedrigen dreistelligen Wert angerichtet. Die augenscheinlich verwirrte Frau wurde anschlie\u00dfend medizinisch betreut und in ein Krankenhaus eingeliefert. Die Polizei hat die Ermittlungen wegen versuchter Brandstiftung und Sachbesch\u00e4digung durch Brandlegung aufgenommen.<\/p>\n","protected":false},"excerpt":{"rendered":"<div class=\"mh-excerpt\"><p>Am 22. Januar 2026 entz\u00fcndete eine 40-j\u00e4hrige Frau gegen 7.45 Uhr Papier auf dem Fu\u00dfboden eines Gesch\u00e4fts am Bahnhofsplatz. Dadurch wurde der Bodenbelag besch\u00e4digt und Schaden im niedrigen dreistelligen Wert angerichtet. Die augenscheinlich verwirrte Frau <a class=\"mh-excerpt-more\" href=\"https:\/\/www.studiogera.de\/001\/2026\/01\/24\/brandlegung-in-geschaeft-am-bahnhofsplatz\/\" title=\"BRANDLEGUNG IN GESCH\u00c4FT AM BAHNHOFSPLATZ\">[&#8230;]<\/a><\/p>\n<\/div>","protected":false},"author":3,"featured_media":9362,"comment_status":"open","ping_status":"open","sticky":false,"template":"","format":"standard","meta":{"footnotes":""},"categories":[13],"tags":[],"class_list":{"0":"post-41030","1":"post","2":"type-post","3":"status-publish","4":"format-standard","5":"has-post-thumbnail","7":"category-polizeiberichte"},"_links":{"self":[{"href":"https:\/\/www.studiogera.de\/001\/wp-json\/wp\/v2\/posts\/41030","targetHints":{"allow":["GET"]}}],"collection":[{"href":"https:\/\/www.studiogera.de\/001\/wp-json\/wp\/v2\/posts"}],"about":[{"href":"https:\/\/www.studiogera.de\/001\/wp-json\/wp\/v2\/types\/post"}],"author":[{"embeddable":true,"href":"https:\/\/www.studiogera.de\/001\/wp-json\/wp\/v2\/users\/3"}],"replies":[{"embeddable":true,"href":"https:\/\/www.studiogera.de\/001\/wp-json\/wp\/v2\/comments?post=41030"}],"version-history":[{"count":1,"href":"https:\/\/www.studiogera.de\/001\/wp-json\/wp\/v2\/posts\/41030\/revisions"}],"predecessor-version":[{"id":41031,"href":"https:\/\/www.studiogera.de\/001\/wp-json\/wp\/v2\/posts\/41030\/revisions\/41031"}],"wp:featuredmedia":[{"embeddable":true,"href":"https:\/\/www.studiogera.de\/001\/wp-json\/wp\/v2\/media\/9362"}],"wp:attachment":[{"href":"https:\/\/www.studiogera.de\/001\/wp-json\/wp\/v2\/media?parent=41030"}],"wp:term":[{"taxonomy":"category","embeddable":true,"href":"https:\/\/www.studiogera.de\/001\/wp-json\/wp\/v2\/categories?post=41030"},{"taxonomy":"post_tag","embeddable":true,"href":"https:\/\/www.studiogera.de\/001\/wp-json\/wp\/v2\/tags?post=41030"}],"curies":[{"name":"wp","href":"https:\/\/api.w.org\/{rel}","templated":true}]}}