{"id":41032,"date":"2026-01-24T13:55:45","date_gmt":"2026-01-24T12:55:45","guid":{"rendered":"https:\/\/www.studiogera.de\/001\/?p=41032"},"modified":"2026-01-24T13:55:47","modified_gmt":"2026-01-24T12:55:47","slug":"veranstaltungen-am-samstag-129","status":"publish","type":"post","link":"https:\/\/www.studiogera.de\/001\/2026\/01\/24\/veranstaltungen-am-samstag-129\/","title":{"rendered":"VERANSTALTUNGEN AM SAMSTAG"},"content":{"rendered":"\n<p>In Gera bleibt es winterlich kalt mit Temperaturen unterhalb des Gefrierpunktes. Durch die d\u00fcnne Wolkendecke ist ganztags die Sonne zu sehen.<\/p>\n\n\n\n<p>Um 8 Uhr begann im Hofwiesenbad der 29. Hallen-Kanu-Slalom. Gleichzeitig wurden in der Panndorfhalle die Fu\u00dfballspiele des Lusaner Sportclubs er\u00f6ffnet. In der Ostvorst\u00e4dtischen Turnhalle wird heute Radball gespielt, in der Tinzer Sporthalle sowie in den Schulsporthallen I und II des Liebe-Gymnasiums Badminton, und in der Schulsporthalle der IGS Basketball.<\/p>\n\n\n\n<p>In der Musikschule wird seit 9 Uhr der vom 23. bis 25. Januar 2026 stattfindende Regionalausscheid Th\u00fcringen Ost im Wettbewerb \u201eJugend musiziert\u201c fortgesetzt.<\/p>\n\n\n\n<p>Um 10.30 Uhr beginnt in der Bibliothek am Puschkinplatz die Vorlesestunde f\u00fcr Kinder ab vier Jahren. Die vorgestellten B\u00fccher sind kurz und oft reich bebildert. Meist handelt es sich um 15-Minuten-Geschichten, bei denen die Kinder mit einbezogen werden, wobei das gemeinsame Betrachtung der Illustrationen einen wichtigen Platz einnimmt. Aus welchem Buch gelesen wird, k\u00f6nnen interessierte Eltern in der Kinderbibliothek erfahren. Es gibt auch eine Monats\u00fcbersicht zum Mitnehmen \u2014 oder aber man l\u00e4sst sich \u00fcberraschen.<\/p>\n\n\n\n<p>Am 24. und 25. Januar 2026 findet im Kultur- und Kongresszentrum im Zeitraum von 11 Uhr bis 17 Uhr eine Hochzeitsmesse statt.<\/p>\n\n\n\n<p>Das Kinder- und Jugendzentrum Bumerang in der Werner-Petzold-Stra\u00dfe 10 l\u00e4dt von 14 Uhr bis 17 Uhr zum Spielenachmittag ein.<\/p>\n\n\n\n<p>Eine neue Folge von \u201eUnter&#8217;m Rathaus brennt noch Licht \u2013 Was ist los in dieser Stadt?\u201c pr\u00e4sentieren Eva-Maria Fastenau, Maik Dehnelt und Michael Seeboth von 20 Uhr bis 22.15 Uhr im Rathauskeller.<\/p>\n\n\n\n<p>Um 21.30 Uhr \u00f6ffnet der Seven-Club, um 22 Uhr die Quisisana. Auf dem Programmplan steht eine Geburtstagsparty mit Tekk-Musik bzw. die Flirtparty.<\/p>\n","protected":false},"excerpt":{"rendered":"<div class=\"mh-excerpt\"><p>In Gera bleibt es winterlich kalt mit Temperaturen unterhalb des Gefrierpunktes. Durch die d\u00fcnne Wolkendecke ist ganztags die Sonne zu sehen. Um 8 Uhr begann im Hofwiesenbad der 29. Hallen-Kanu-Slalom. Gleichzeitig wurden in der Panndorfhalle <a class=\"mh-excerpt-more\" href=\"https:\/\/www.studiogera.de\/001\/2026\/01\/24\/veranstaltungen-am-samstag-129\/\" title=\"VERANSTALTUNGEN AM SAMSTAG\">[&#8230;]<\/a><\/p>\n<\/div>","protected":false},"author":2,"featured_media":35759,"comment_status":"open","ping_status":"open","sticky":false,"template":"","format":"standard","meta":{"footnotes":""},"categories":[16],"tags":[],"class_list":{"0":"post-41032","1":"post","2":"type-post","3":"status-publish","4":"format-standard","5":"has-post-thumbnail","7":"category-kurzmitteilungen"},"_links":{"self":[{"href":"https:\/\/www.studiogera.de\/001\/wp-json\/wp\/v2\/posts\/41032","targetHints":{"allow":["GET"]}}],"collection":[{"href":"https:\/\/www.studiogera.de\/001\/wp-json\/wp\/v2\/posts"}],"about":[{"href":"https:\/\/www.studiogera.de\/001\/wp-json\/wp\/v2\/types\/post"}],"author":[{"embeddable":true,"href":"https:\/\/www.studiogera.de\/001\/wp-json\/wp\/v2\/users\/2"}],"replies":[{"embeddable":true,"href":"https:\/\/www.studiogera.de\/001\/wp-json\/wp\/v2\/comments?post=41032"}],"version-history":[{"count":1,"href":"https:\/\/www.studiogera.de\/001\/wp-json\/wp\/v2\/posts\/41032\/revisions"}],"predecessor-version":[{"id":41033,"href":"https:\/\/www.studiogera.de\/001\/wp-json\/wp\/v2\/posts\/41032\/revisions\/41033"}],"wp:featuredmedia":[{"embeddable":true,"href":"https:\/\/www.studiogera.de\/001\/wp-json\/wp\/v2\/media\/35759"}],"wp:attachment":[{"href":"https:\/\/www.studiogera.de\/001\/wp-json\/wp\/v2\/media?parent=41032"}],"wp:term":[{"taxonomy":"category","embeddable":true,"href":"https:\/\/www.studiogera.de\/001\/wp-json\/wp\/v2\/categories?post=41032"},{"taxonomy":"post_tag","embeddable":true,"href":"https:\/\/www.studiogera.de\/001\/wp-json\/wp\/v2\/tags?post=41032"}],"curies":[{"name":"wp","href":"https:\/\/api.w.org\/{rel}","templated":true}]}}