{"id":41049,"date":"2026-01-25T11:33:31","date_gmt":"2026-01-25T10:33:31","guid":{"rendered":"https:\/\/www.studiogera.de\/001\/?p=41049"},"modified":"2026-01-25T11:34:04","modified_gmt":"2026-01-25T10:34:04","slug":"bleistiftzeichnungen-von-joachim-bauer","status":"publish","type":"post","link":"https:\/\/www.studiogera.de\/001\/2026\/01\/25\/bleistiftzeichnungen-von-joachim-bauer\/","title":{"rendered":"BLEISTIFTZEICHNUNGEN VON JOACHIM BAUER"},"content":{"rendered":"\n<p>Die Stadt- und Regionalbibliothek Gera zeigt in ihrer gegenw\u00e4rtigen Ausstellung 53 Zeichnungen von Joachim Bauer, die ausschlie\u00dflich mit Bleistiften verschiedener H\u00e4rtegrade entstanden sind. Alle Arbeiten sind kleinformatig, meist zwischen 20 mal 15 Zentimeter und 15 mal zehn Zentimeter. Sie zeigen Kulturst\u00e4tten abseits der Touristen-Hotspots in vielen L\u00e4ndern, vor allem aber in Asien, Wolkengebilde unterschiedlicher Auspr\u00e4gung, K\u00fcstenlandschaften und Impressionen von Hochgebirgswanderungen, zum Beispiel im Himalaja. Grundlage seiner Zeichnungen sind meist Fotografien, die er auf die wesentlichen Aussagen abstrahiere oder erg\u00e4nze, sagt Joachim Bauer. Und er f\u00fcgt hinzu:<\/p>\n\n\n\n<p>\u201eBeim Zeichnen entsteht in mir eine Wiederbelebung und Verinnerlichung der vor Ort erfahrenen Eindr\u00fccke.\u201c<\/p>\n\n\n\n<p>Der 1942 geborene, gelernte Werkzeugmacher, studierte an der P\u00e4dagogischen Hochschule in Dresden Mathematik und Geografie, arbeitete dann ab 1968 als Lehrer und war von 1991 bis zu seiner Pensionierung Leiter des D\u00f6rffel-Gymnasiums Weida. Schon von Kindheit an hatte Joachim Bauer gern und viel gezeichnet. Aber erst nach der Pensionierung widmete er sich intensiv der kleinformatigen Zeichnung in Bleistifttechnik. Seine Motivation sch\u00f6pft der Autodidakt aus dem Interesse an Natur und historischen Bauwerken, an unscheinbaren Dingen, wie Gesteinsaufschl\u00fcsse, verwundete B\u00e4ume, Landschaften und Wolken. Kunst, Literatur, Reisen, Wandern und Radfahren z\u00e4hlen au\u00dferdem zu seinen Hobbys. 2016 ver\u00f6ffentlichte er einen \u201eWanderf\u00fchrers f\u00fcr Gera und Umgebung\u201c. Zahlreiche individuelle Rucksackreisen gemeinsam mit seiner Ehefrau f\u00fchrten ihn ab 1991 nach Indien, Nepal, Indonesien, Iran, Thailand, Myanmar, Malaysia, Vietnam, Kambodscha, Laos, \u00c4thiopien, Ecuador, Costa Rica, Nicaragua und weitere, auch europ\u00e4ische, L\u00e4nder. Joachim Bauer arbeitete 30 Jahre im Vorstand des Arbeitskreises Kunst und Kultur Kloster Mildenfurth und sieben Jahre im Vorstand des Kunstvereins Gera, engagierte sich zehn Jahre bei den \u201eKontinuierlichen\u201c.<\/p>\n\n\n\n<p>In der Geraer Bibliothek pr\u00e4sentiert Joachim Bauer nun zum ersten Mal seine Zeichnungen einer gr\u00f6\u00dferen \u00d6ffentlichkeit. Zu sehen ist die Ausstellung bis 28. Februar 2026 zu den \u00d6ffnungszeiten. Der Eintritt ist frei.<\/p>\n\n\n\n<p>QUELLE: STADTVERWALTUNG<\/p>\n","protected":false},"excerpt":{"rendered":"<div class=\"mh-excerpt\"><p>Die Stadt- und Regionalbibliothek Gera zeigt in ihrer gegenw\u00e4rtigen Ausstellung 53 Zeichnungen von Joachim Bauer, die ausschlie\u00dflich mit Bleistiften verschiedener H\u00e4rtegrade entstanden sind. Alle Arbeiten sind kleinformatig, meist zwischen 20 mal 15 Zentimeter und 15 <a class=\"mh-excerpt-more\" href=\"https:\/\/www.studiogera.de\/001\/2026\/01\/25\/bleistiftzeichnungen-von-joachim-bauer\/\" title=\"BLEISTIFTZEICHNUNGEN VON JOACHIM BAUER\">[&#8230;]<\/a><\/p>\n<\/div>","protected":false},"author":2,"featured_media":41050,"comment_status":"open","ping_status":"open","sticky":false,"template":"","format":"standard","meta":{"footnotes":""},"categories":[8],"tags":[],"class_list":{"0":"post-41049","1":"post","2":"type-post","3":"status-publish","4":"format-standard","5":"has-post-thumbnail","7":"category-kultur"},"_links":{"self":[{"href":"https:\/\/www.studiogera.de\/001\/wp-json\/wp\/v2\/posts\/41049","targetHints":{"allow":["GET"]}}],"collection":[{"href":"https:\/\/www.studiogera.de\/001\/wp-json\/wp\/v2\/posts"}],"about":[{"href":"https:\/\/www.studiogera.de\/001\/wp-json\/wp\/v2\/types\/post"}],"author":[{"embeddable":true,"href":"https:\/\/www.studiogera.de\/001\/wp-json\/wp\/v2\/users\/2"}],"replies":[{"embeddable":true,"href":"https:\/\/www.studiogera.de\/001\/wp-json\/wp\/v2\/comments?post=41049"}],"version-history":[{"count":2,"href":"https:\/\/www.studiogera.de\/001\/wp-json\/wp\/v2\/posts\/41049\/revisions"}],"predecessor-version":[{"id":41052,"href":"https:\/\/www.studiogera.de\/001\/wp-json\/wp\/v2\/posts\/41049\/revisions\/41052"}],"wp:featuredmedia":[{"embeddable":true,"href":"https:\/\/www.studiogera.de\/001\/wp-json\/wp\/v2\/media\/41050"}],"wp:attachment":[{"href":"https:\/\/www.studiogera.de\/001\/wp-json\/wp\/v2\/media?parent=41049"}],"wp:term":[{"taxonomy":"category","embeddable":true,"href":"https:\/\/www.studiogera.de\/001\/wp-json\/wp\/v2\/categories?post=41049"},{"taxonomy":"post_tag","embeddable":true,"href":"https:\/\/www.studiogera.de\/001\/wp-json\/wp\/v2\/tags?post=41049"}],"curies":[{"name":"wp","href":"https:\/\/api.w.org\/{rel}","templated":true}]}}