{"id":41062,"date":"2026-01-25T19:20:14","date_gmt":"2026-01-25T18:20:14","guid":{"rendered":"https:\/\/www.studiogera.de\/001\/?p=41062"},"modified":"2026-01-25T19:20:15","modified_gmt":"2026-01-25T18:20:15","slug":"schneefall-und-glaette","status":"publish","type":"post","link":"https:\/\/www.studiogera.de\/001\/2026\/01\/25\/schneefall-und-glaette\/","title":{"rendered":"SCHNEEFALL UND GL\u00c4TTE"},"content":{"rendered":"\n<p>Von S\u00fcden her n\u00e4hert sich ein Niederschlagsgebiet, das Schneeregen, Schnee und Gl\u00e4tte bringt. Die Stadt Gera wird es voraussichtlich gegen 21.30 Uhr erreichen und bis 3 Uhr f\u00fcr eine Schneeh\u00f6he zwischen ein und f\u00fcnf Zentimetern sorgen. Die Temperaturen sinken auf minus 4 \u00b0C. Der Deutsche Wetterdienst warnt vor Gl\u00e4tte.<\/p>\n","protected":false},"excerpt":{"rendered":"<div class=\"mh-excerpt\"><p>Von S\u00fcden her n\u00e4hert sich ein Niederschlagsgebiet, das Schneeregen, Schnee und Gl\u00e4tte bringt. Die Stadt Gera wird es voraussichtlich gegen 21.30 Uhr erreichen und bis 3 Uhr f\u00fcr eine Schneeh\u00f6he zwischen ein und f\u00fcnf Zentimetern <a class=\"mh-excerpt-more\" href=\"https:\/\/www.studiogera.de\/001\/2026\/01\/25\/schneefall-und-glaette\/\" title=\"SCHNEEFALL UND GL\u00c4TTE\">[&#8230;]<\/a><\/p>\n<\/div>","protected":false},"author":2,"featured_media":22609,"comment_status":"open","ping_status":"open","sticky":false,"template":"","format":"standard","meta":{"footnotes":""},"categories":[16],"tags":[],"class_list":{"0":"post-41062","1":"post","2":"type-post","3":"status-publish","4":"format-standard","5":"has-post-thumbnail","7":"category-kurzmitteilungen"},"_links":{"self":[{"href":"https:\/\/www.studiogera.de\/001\/wp-json\/wp\/v2\/posts\/41062","targetHints":{"allow":["GET"]}}],"collection":[{"href":"https:\/\/www.studiogera.de\/001\/wp-json\/wp\/v2\/posts"}],"about":[{"href":"https:\/\/www.studiogera.de\/001\/wp-json\/wp\/v2\/types\/post"}],"author":[{"embeddable":true,"href":"https:\/\/www.studiogera.de\/001\/wp-json\/wp\/v2\/users\/2"}],"replies":[{"embeddable":true,"href":"https:\/\/www.studiogera.de\/001\/wp-json\/wp\/v2\/comments?post=41062"}],"version-history":[{"count":1,"href":"https:\/\/www.studiogera.de\/001\/wp-json\/wp\/v2\/posts\/41062\/revisions"}],"predecessor-version":[{"id":41063,"href":"https:\/\/www.studiogera.de\/001\/wp-json\/wp\/v2\/posts\/41062\/revisions\/41063"}],"wp:featuredmedia":[{"embeddable":true,"href":"https:\/\/www.studiogera.de\/001\/wp-json\/wp\/v2\/media\/22609"}],"wp:attachment":[{"href":"https:\/\/www.studiogera.de\/001\/wp-json\/wp\/v2\/media?parent=41062"}],"wp:term":[{"taxonomy":"category","embeddable":true,"href":"https:\/\/www.studiogera.de\/001\/wp-json\/wp\/v2\/categories?post=41062"},{"taxonomy":"post_tag","embeddable":true,"href":"https:\/\/www.studiogera.de\/001\/wp-json\/wp\/v2\/tags?post=41062"}],"curies":[{"name":"wp","href":"https:\/\/api.w.org\/{rel}","templated":true}]}}