{"id":41093,"date":"2026-01-27T12:49:44","date_gmt":"2026-01-27T11:49:44","guid":{"rendered":"https:\/\/www.studiogera.de\/001\/?p=41093"},"modified":"2026-01-27T12:51:15","modified_gmt":"2026-01-27T11:51:15","slug":"winterferien-angebote-im-museum-fuer-naturkunde-2","status":"publish","type":"post","link":"https:\/\/www.studiogera.de\/001\/2026\/01\/27\/winterferien-angebote-im-museum-fuer-naturkunde-2\/","title":{"rendered":"WINTERFERIEN-ANGEBOTE IM MUSEUM F\u00dcR NATURKUNDE"},"content":{"rendered":"\n<p>W\u00e4hrend der Winterferien 2026 in Sachsen, Sachsen-Anhalt und Th\u00fcringen bietet das Museum f\u00fcr Naturkunde Kindern, Jugendlichen und Familien mehrere \u00f6ffentliche Veranstaltungen an. Da die Gr\u00f6\u00dfe der Besuchergruppen begrenzt ist, wird um eine telefonische Anmeldung w\u00e4hrend der \u00d6ffnungszeiten Dienstag bis Sonntag von 11 Uhr bis 17 Uhr gebeten. Alle Veranstaltungen eignen sich ab einem Alter von sechs Jahren. Eltern und Gro\u00dfeltern nehmen selbstverst\u00e4ndlich mit teil.<\/p>\n\n\n\n<p>Jeweils um 14 Uhr am 3., 10., 15., 18. und 20 Februar 2026 steht die Ferienveranstaltung unter dem Thema \u201eNacht-Gestalten\u201c, denn das Museum f\u00fcr Naturkunde zeigt eine gro\u00dfe Sonderausstellung mit Tieren, die nachtaktiv sind oder aber in wochenlanger bis sogar ewiger Dunkelheit leben. Neben dem Ausstellungsrundgang werden im Kinderkabinett \u201eSchwalbennest\u201c einige weitere Beispiele entsprechender Tiere kindgerecht mit Filmbeitr\u00e4gen vorgestellt. Anschlie\u00dfend k\u00f6nnen die Ferienkinder dann jeweils einen Tiefsee-Anglerfisch zum Mitnehmen basteln.<\/p>\n\n\n\n<p>Am 14. Februar 2026 k\u00f6nnen Ferienkinder zwischen 11 Uhr und 15 Uhr versuchen, mit echtem Eisenerz (H\u00e4matit) auf einer Keramikplatte ein Wollhaarnashorn im Stil einer Jahrtausende alten H\u00f6hlenmalerei zu zeichnen. Ein entsprechendes Wollhaarnashorn in Originalgr\u00f6\u00dfe steht daf\u00fcr nat\u00fcrlich Modell.<\/p>\n\n\n\n<p>Wieder jeweils um 14 Uhr am 5., 12., 17., 19. und 21. Februar 2026 hei\u00dft es \u201eWild-Schweinerei\u201c. In dieser Veranstaltung steht das einheimische Wildschwein im Mittelpunkt. Anhand echter Tierpr\u00e4parate vom Frischling bis zum Keiler erfahren die Ferienkinder alles, was man schon immer \u00fcber Wildschweine wissen wollte. Ein interessanter Film verdeutlicht das Verhalten der Tiere. Bei einem Blick \u201e\u00fcber den Tellerrand\u201c werden dann Schweinearten aus anderen L\u00e4ndern vorgestellt, darunter z. B. das Warzen- und das Riesenwaldschwein. Anschlie\u00dfend wird in der Dauerausstellung bei einem Spiel all das gesucht, was Wildschweine gern fressen. Mit den gefundenen \u201eLeckerbissen\u201c k\u00f6nnen dann die Ferienkinder ein Plakat zum Mitnehmen gestalten.<\/p>\n\n\n\n<p>Auch unabh\u00e4ngig von den Veranstaltungen bietet das Museum abwechslungsreiche naturkundliche Ausstellungen auf f\u00fcnf Etagen im \u00e4ltesten erhaltenem Haus der Geraer Altstadt.<\/p>\n\n\n\n<p>QUELLE: STADTVERWALTUNG<\/p>\n","protected":false},"excerpt":{"rendered":"<div class=\"mh-excerpt\"><p>W\u00e4hrend der Winterferien 2026 in Sachsen, Sachsen-Anhalt und Th\u00fcringen bietet das Museum f\u00fcr Naturkunde Kindern, Jugendlichen und Familien mehrere \u00f6ffentliche Veranstaltungen an. Da die Gr\u00f6\u00dfe der Besuchergruppen begrenzt ist, wird um eine telefonische Anmeldung w\u00e4hrend <a class=\"mh-excerpt-more\" href=\"https:\/\/www.studiogera.de\/001\/2026\/01\/27\/winterferien-angebote-im-museum-fuer-naturkunde-2\/\" title=\"WINTERFERIEN-ANGEBOTE IM MUSEUM F\u00dcR NATURKUNDE\">[&#8230;]<\/a><\/p>\n<\/div>","protected":false},"author":2,"featured_media":41094,"comment_status":"open","ping_status":"open","sticky":false,"template":"","format":"standard","meta":{"footnotes":""},"categories":[8],"tags":[],"class_list":{"0":"post-41093","1":"post","2":"type-post","3":"status-publish","4":"format-standard","5":"has-post-thumbnail","7":"category-kultur"},"_links":{"self":[{"href":"https:\/\/www.studiogera.de\/001\/wp-json\/wp\/v2\/posts\/41093","targetHints":{"allow":["GET"]}}],"collection":[{"href":"https:\/\/www.studiogera.de\/001\/wp-json\/wp\/v2\/posts"}],"about":[{"href":"https:\/\/www.studiogera.de\/001\/wp-json\/wp\/v2\/types\/post"}],"author":[{"embeddable":true,"href":"https:\/\/www.studiogera.de\/001\/wp-json\/wp\/v2\/users\/2"}],"replies":[{"embeddable":true,"href":"https:\/\/www.studiogera.de\/001\/wp-json\/wp\/v2\/comments?post=41093"}],"version-history":[{"count":2,"href":"https:\/\/www.studiogera.de\/001\/wp-json\/wp\/v2\/posts\/41093\/revisions"}],"predecessor-version":[{"id":41096,"href":"https:\/\/www.studiogera.de\/001\/wp-json\/wp\/v2\/posts\/41093\/revisions\/41096"}],"wp:featuredmedia":[{"embeddable":true,"href":"https:\/\/www.studiogera.de\/001\/wp-json\/wp\/v2\/media\/41094"}],"wp:attachment":[{"href":"https:\/\/www.studiogera.de\/001\/wp-json\/wp\/v2\/media?parent=41093"}],"wp:term":[{"taxonomy":"category","embeddable":true,"href":"https:\/\/www.studiogera.de\/001\/wp-json\/wp\/v2\/categories?post=41093"},{"taxonomy":"post_tag","embeddable":true,"href":"https:\/\/www.studiogera.de\/001\/wp-json\/wp\/v2\/tags?post=41093"}],"curies":[{"name":"wp","href":"https:\/\/api.w.org\/{rel}","templated":true}]}}