{"id":41097,"date":"2026-01-28T12:37:37","date_gmt":"2026-01-28T11:37:37","guid":{"rendered":"https:\/\/www.studiogera.de\/001\/?p=41097"},"modified":"2026-01-28T12:37:38","modified_gmt":"2026-01-28T11:37:38","slug":"auseinandersetzung-auf-einem-spielplatz","status":"publish","type":"post","link":"https:\/\/www.studiogera.de\/001\/2026\/01\/28\/auseinandersetzung-auf-einem-spielplatz\/","title":{"rendered":"AUSEINANDERSETZUNG AUF EINEM SPIELPLATZ"},"content":{"rendered":"\n<p>Am Montagabend kam es auf einem Spielplatz in der Heinrichstra\u00dfe zu einer k\u00f6rperlichen Auseinandersetzung zwischen mehreren Jugendlichen. Ein 14-J\u00e4hriger wurde dabei leicht verletzt, nachdem er von einem unbekannten T\u00e4ter geschlagen worden war. Im weiteren Verlauf mischte sich der 21-j\u00e4hrige Bruder des Jugendlichen ein, stie\u00df einen Beteiligten und soll anschlie\u00dfend ein K\u00fcchenmesser gezogen und die Gruppe bedroht haben. Ein Messer konnte vor Ort nicht aufgefunden werden. Die Polizei erteilte Platzverweise, f\u00fchrte Gef\u00e4hrderansprachen durch und leitete entsprechende Ermittlungsverfahren ein.<\/p>\n","protected":false},"excerpt":{"rendered":"<div class=\"mh-excerpt\"><p>Am Montagabend kam es auf einem Spielplatz in der Heinrichstra\u00dfe zu einer k\u00f6rperlichen Auseinandersetzung zwischen mehreren Jugendlichen. Ein 14-J\u00e4hriger wurde dabei leicht verletzt, nachdem er von einem unbekannten T\u00e4ter geschlagen worden war. Im weiteren Verlauf <a class=\"mh-excerpt-more\" href=\"https:\/\/www.studiogera.de\/001\/2026\/01\/28\/auseinandersetzung-auf-einem-spielplatz\/\" title=\"AUSEINANDERSETZUNG AUF EINEM SPIELPLATZ\">[&#8230;]<\/a><\/p>\n<\/div>","protected":false},"author":3,"featured_media":22202,"comment_status":"open","ping_status":"open","sticky":false,"template":"","format":"standard","meta":{"footnotes":""},"categories":[13],"tags":[],"class_list":{"0":"post-41097","1":"post","2":"type-post","3":"status-publish","4":"format-standard","5":"has-post-thumbnail","7":"category-polizeiberichte"},"_links":{"self":[{"href":"https:\/\/www.studiogera.de\/001\/wp-json\/wp\/v2\/posts\/41097","targetHints":{"allow":["GET"]}}],"collection":[{"href":"https:\/\/www.studiogera.de\/001\/wp-json\/wp\/v2\/posts"}],"about":[{"href":"https:\/\/www.studiogera.de\/001\/wp-json\/wp\/v2\/types\/post"}],"author":[{"embeddable":true,"href":"https:\/\/www.studiogera.de\/001\/wp-json\/wp\/v2\/users\/3"}],"replies":[{"embeddable":true,"href":"https:\/\/www.studiogera.de\/001\/wp-json\/wp\/v2\/comments?post=41097"}],"version-history":[{"count":1,"href":"https:\/\/www.studiogera.de\/001\/wp-json\/wp\/v2\/posts\/41097\/revisions"}],"predecessor-version":[{"id":41098,"href":"https:\/\/www.studiogera.de\/001\/wp-json\/wp\/v2\/posts\/41097\/revisions\/41098"}],"wp:featuredmedia":[{"embeddable":true,"href":"https:\/\/www.studiogera.de\/001\/wp-json\/wp\/v2\/media\/22202"}],"wp:attachment":[{"href":"https:\/\/www.studiogera.de\/001\/wp-json\/wp\/v2\/media?parent=41097"}],"wp:term":[{"taxonomy":"category","embeddable":true,"href":"https:\/\/www.studiogera.de\/001\/wp-json\/wp\/v2\/categories?post=41097"},{"taxonomy":"post_tag","embeddable":true,"href":"https:\/\/www.studiogera.de\/001\/wp-json\/wp\/v2\/tags?post=41097"}],"curies":[{"name":"wp","href":"https:\/\/api.w.org\/{rel}","templated":true}]}}