{"id":41099,"date":"2026-01-28T12:39:36","date_gmt":"2026-01-28T11:39:36","guid":{"rendered":"https:\/\/www.studiogera.de\/001\/?p=41099"},"modified":"2026-01-28T12:39:37","modified_gmt":"2026-01-28T11:39:37","slug":"mehrmals-ohne-fahrerlaubnis-unterwegs","status":"publish","type":"post","link":"https:\/\/www.studiogera.de\/001\/2026\/01\/28\/mehrmals-ohne-fahrerlaubnis-unterwegs\/","title":{"rendered":"MEHRMALS OHNE FAHRERLAUBNIS UNTERWEGS"},"content":{"rendered":"\n<p>Am 27. Januar 2026 kontrollierten Polizeibeamte um 0.11 Uhr in der Schwarzburgstra\u00dfe in Gera einen 23-j\u00e4hrigen Mann, der einen VW Passat f\u00fchrte, ohne im Besitz einer g\u00fcltigen Fahrerlaubnis zu sein. Bereits am 26. Janaur 2026 gegen 22.40 Uhr war in Gera ein 26-j\u00e4hriger Audi-Fahrer kontrolliert worden, der ebenfalls keine Fahrerlaubnis besa\u00df. Zudem reagierte ein durchgef\u00fchrter Drogentest positiv auf Cannabis. In beiden F\u00e4llen wurde die Weiterfahrt untersagt und entsprechende Straf- sowie Ordnungswidrigkeitenverfahren eingeleitet.\u00a0<\/p>\n","protected":false},"excerpt":{"rendered":"<div class=\"mh-excerpt\"><p>Am 27. Januar 2026 kontrollierten Polizeibeamte um 0.11 Uhr in der Schwarzburgstra\u00dfe in Gera einen 23-j\u00e4hrigen Mann, der einen VW Passat f\u00fchrte, ohne im Besitz einer g\u00fcltigen Fahrerlaubnis zu sein. Bereits am 26. Janaur 2026 <a class=\"mh-excerpt-more\" href=\"https:\/\/www.studiogera.de\/001\/2026\/01\/28\/mehrmals-ohne-fahrerlaubnis-unterwegs\/\" title=\"MEHRMALS OHNE FAHRERLAUBNIS UNTERWEGS\">[&#8230;]<\/a><\/p>\n<\/div>","protected":false},"author":3,"featured_media":9356,"comment_status":"open","ping_status":"open","sticky":false,"template":"","format":"standard","meta":{"footnotes":""},"categories":[13],"tags":[],"class_list":{"0":"post-41099","1":"post","2":"type-post","3":"status-publish","4":"format-standard","5":"has-post-thumbnail","7":"category-polizeiberichte"},"_links":{"self":[{"href":"https:\/\/www.studiogera.de\/001\/wp-json\/wp\/v2\/posts\/41099","targetHints":{"allow":["GET"]}}],"collection":[{"href":"https:\/\/www.studiogera.de\/001\/wp-json\/wp\/v2\/posts"}],"about":[{"href":"https:\/\/www.studiogera.de\/001\/wp-json\/wp\/v2\/types\/post"}],"author":[{"embeddable":true,"href":"https:\/\/www.studiogera.de\/001\/wp-json\/wp\/v2\/users\/3"}],"replies":[{"embeddable":true,"href":"https:\/\/www.studiogera.de\/001\/wp-json\/wp\/v2\/comments?post=41099"}],"version-history":[{"count":1,"href":"https:\/\/www.studiogera.de\/001\/wp-json\/wp\/v2\/posts\/41099\/revisions"}],"predecessor-version":[{"id":41100,"href":"https:\/\/www.studiogera.de\/001\/wp-json\/wp\/v2\/posts\/41099\/revisions\/41100"}],"wp:featuredmedia":[{"embeddable":true,"href":"https:\/\/www.studiogera.de\/001\/wp-json\/wp\/v2\/media\/9356"}],"wp:attachment":[{"href":"https:\/\/www.studiogera.de\/001\/wp-json\/wp\/v2\/media?parent=41099"}],"wp:term":[{"taxonomy":"category","embeddable":true,"href":"https:\/\/www.studiogera.de\/001\/wp-json\/wp\/v2\/categories?post=41099"},{"taxonomy":"post_tag","embeddable":true,"href":"https:\/\/www.studiogera.de\/001\/wp-json\/wp\/v2\/tags?post=41099"}],"curies":[{"name":"wp","href":"https:\/\/api.w.org\/{rel}","templated":true}]}}