{"id":41137,"date":"2026-01-31T21:42:46","date_gmt":"2026-01-31T20:42:46","guid":{"rendered":"https:\/\/www.studiogera.de\/001\/?p=41137"},"modified":"2026-01-31T21:42:48","modified_gmt":"2026-01-31T20:42:48","slug":"afd-faellt-kurzzeitig-hinter-union-zurueck","status":"publish","type":"post","link":"https:\/\/www.studiogera.de\/001\/2026\/01\/31\/afd-faellt-kurzzeitig-hinter-union-zurueck\/","title":{"rendered":"AFD F\u00c4LLT KURZZEITIG HINTER UNION ZUR\u00dcCK"},"content":{"rendered":"\n<p>In der vorletzten Umfrage zur Bundestagswahl fiel die AFD wieder hinter die Union zur\u00fcck. Das Meinungsforschungsinstitut Forsa ver\u00f6ffentlichte am 27. Januar 2026 Werte, die ein Ende der Aufw\u00e4rtsbewegung vermuten lassen. Bei der AFD zeigte sich im Vergleich zur Vorwoche ein Verlust von 2 %, w\u00e4hrend die Union um 1 % st\u00e4rker wurde. Inzwischen liegen beide Parteien wieder gleichauf.<\/p>\n\n\n\n<p>Damit steht die Frage im Raum, ob die AFD die Grenze ihres Wachstums bereits erreicht hat. Ursache f\u00fcr den R\u00fcckgang der Umfragewerte k\u00f6nnten innerparteiliche Kontroversen wie zwischen Lucassen und H\u00f6cke sein, fehlende innovative Konzepte, und eine aus Sicht der W\u00e4hler unrealistische Rentenpolitik. Auch die Berichterstattung beeinflusst das Wahlverhalten. Zuletzt stand das Vorgehen der ICE-Einheiten in den USA h\u00e4ufig im Vordergrund, wobei einflussreiche Medien ein Bild zeichneten, das \u00c4ngste aufkommen lie\u00df, in Deutschland w\u00fcrde unter der AFD \u00e4hnliches geschehen. Dadurch k\u00f6nnten vor allem AFD-Anh\u00e4nger migrantischen Ursprungs auf andere Parteien ausgewichen sein. Meinungsbeitr\u00e4ge in den sozialen Netzwerken, die j\u00fcngere Menschen gern als Orientierungshilfe nutzen, deuten darauf hin, dass die gegenw\u00e4rtigen Krisen zunehmend als Symptome eines systemischen Problems wahrgenommen werden, dessen Ursachen nicht auf politischer Ebene zu finden sind, sondern in allen Gesellschaftskreisen.<\/p>\n\n\n\n<p>Die langfristige Trend f\u00fcr die AFD bleibt trotz einiger R\u00fccksetzer positiv. Mit Begriffen wie \u201eMassenmigration\u201c verwendet die Partei Worte entsprechend einem Gef\u00fchl, das viele Menschen seit l\u00e4ngerer Zeit bewegt und durch eigene Beobachtungen im Alltag fortlaufend best\u00e4tigt wird. Erfolgreich f\u00fcr sich nutzen kann die AFD auch das Thema Energiepolitik, solange sich die anderen Parteien weitgehend auf derselben Linie bewegen. Hinzu kommen die demografische Ver\u00e4nderungen. Die f\u00fcr die Union wichtige W\u00e4hlergruppe der \u00fcber 50-J\u00e4hrigen schrumpft, wodurch die Stimmen der j\u00fcngeren k\u00fcnftig ausschlaggebender sein werden. Der Anteil der AFD-W\u00e4hler k\u00f6nnte sich dann weiter erh\u00f6hen.<\/p>\n\n\n\n<p>Derzeit w\u00fcrden in Deutschland rund ein Drittel der Wahlbereichtigen, in Sachsen-Anhalt sogar ein Viertel die AFD w\u00e4hlen. Dort erh\u00e4lt sie in Umfragen 39 %, w\u00e4hrend die CDU mit 26 % weit dahinter zur\u00fcckliegt. F\u00fcr die angestrebte absolute Mehrheit im Landesparlament werden 49 der 97 Sitze ben\u00f6tigt. Bei einem Wahlsiegt k\u00f6nnte die Partei ihre Ziele allerdings nicht verwirklichen. Mit einfacher Mehrheit droht eine Gegenkoalition der anderen Parteien, mit absoluter Mehrheit der Bundeszwang nach Artikel 37 des Grundgesetzes. Ein Beauftragter der Bundesregierung w\u00fcrde durch das Weisungsrecht de facto als Statthalter fungieren.<\/p>\n","protected":false},"excerpt":{"rendered":"<div class=\"mh-excerpt\"><p>In der vorletzten Umfrage zur Bundestagswahl fiel die AFD wieder hinter die Union zur\u00fcck. Das Meinungsforschungsinstitut Forsa ver\u00f6ffentlichte am 27. Januar 2026 Werte, die ein Ende der Aufw\u00e4rtsbewegung vermuten lassen. Bei der AFD zeigte sich <a class=\"mh-excerpt-more\" href=\"https:\/\/www.studiogera.de\/001\/2026\/01\/31\/afd-faellt-kurzzeitig-hinter-union-zurueck\/\" title=\"AFD F\u00c4LLT KURZZEITIG HINTER UNION ZUR\u00dcCK\">[&#8230;]<\/a><\/p>\n<\/div>","protected":false},"author":2,"featured_media":39129,"comment_status":"open","ping_status":"open","sticky":false,"template":"","format":"standard","meta":{"footnotes":""},"categories":[2],"tags":[],"class_list":{"0":"post-41137","1":"post","2":"type-post","3":"status-publish","4":"format-standard","5":"has-post-thumbnail","7":"category-weltweit"},"_links":{"self":[{"href":"https:\/\/www.studiogera.de\/001\/wp-json\/wp\/v2\/posts\/41137","targetHints":{"allow":["GET"]}}],"collection":[{"href":"https:\/\/www.studiogera.de\/001\/wp-json\/wp\/v2\/posts"}],"about":[{"href":"https:\/\/www.studiogera.de\/001\/wp-json\/wp\/v2\/types\/post"}],"author":[{"embeddable":true,"href":"https:\/\/www.studiogera.de\/001\/wp-json\/wp\/v2\/users\/2"}],"replies":[{"embeddable":true,"href":"https:\/\/www.studiogera.de\/001\/wp-json\/wp\/v2\/comments?post=41137"}],"version-history":[{"count":3,"href":"https:\/\/www.studiogera.de\/001\/wp-json\/wp\/v2\/posts\/41137\/revisions"}],"predecessor-version":[{"id":41148,"href":"https:\/\/www.studiogera.de\/001\/wp-json\/wp\/v2\/posts\/41137\/revisions\/41148"}],"wp:featuredmedia":[{"embeddable":true,"href":"https:\/\/www.studiogera.de\/001\/wp-json\/wp\/v2\/media\/39129"}],"wp:attachment":[{"href":"https:\/\/www.studiogera.de\/001\/wp-json\/wp\/v2\/media?parent=41137"}],"wp:term":[{"taxonomy":"category","embeddable":true,"href":"https:\/\/www.studiogera.de\/001\/wp-json\/wp\/v2\/categories?post=41137"},{"taxonomy":"post_tag","embeddable":true,"href":"https:\/\/www.studiogera.de\/001\/wp-json\/wp\/v2\/tags?post=41137"}],"curies":[{"name":"wp","href":"https:\/\/api.w.org\/{rel}","templated":true}]}}