{"id":41629,"date":"2026-03-04T12:04:12","date_gmt":"2026-03-04T11:04:12","guid":{"rendered":"https:\/\/www.studiogera.de\/001\/?p=41629"},"modified":"2026-03-04T12:04:13","modified_gmt":"2026-03-04T11:04:13","slug":"raub-vor-einkaufsmarkt-in-lusan","status":"publish","type":"post","link":"https:\/\/www.studiogera.de\/001\/2026\/03\/04\/raub-vor-einkaufsmarkt-in-lusan\/","title":{"rendered":"RAUB VOR EINKAUFSMARKT IN LUSAN"},"content":{"rendered":"\n<p>Am 3. M\u00e4rz 2026 kam es gegen 17.45 Uhr vor einem Supermarkt in der Otto-Rothe-Stra\u00dfe zu einem Raubdelikt. Zwei M\u00e4nner im Alter von 57 und 25 Jahren hatten zuvor Lebensmittel im Wert von rund 100 Euro erworben und hielten sich anschlie\u00dfend mit weiteren Personen vor dem Markt auf. Ein 23-J\u00e4hriger aus der Runde habe den 57-J\u00e4hrigen und den 25-J\u00e4hrigen pl\u00f6tzlich mit einer Glasflasche und einem Messer bedroht und forderte die Herausgabe der Eink\u00e4ufe. Die Gesch\u00e4digten \u00fcbergaben die Lebensmittel widerstandslos. Anschlie\u00dfend entfernte sich der T\u00e4ter vom Tatort. Im Nachgang erstattete der 57-J\u00e4hrige Anzeige bei der Polizei in Gera. Die Kriminalpolizei hat die Ermittlungen im Fall 0054746\/2026 \u00fcbernommen.<\/p>\n","protected":false},"excerpt":{"rendered":"<div class=\"mh-excerpt\"><p>Am 3. M\u00e4rz 2026 kam es gegen 17.45 Uhr vor einem Supermarkt in der Otto-Rothe-Stra\u00dfe zu einem Raubdelikt. Zwei M\u00e4nner im Alter von 57 und 25 Jahren hatten zuvor Lebensmittel im Wert von rund 100 <a class=\"mh-excerpt-more\" href=\"https:\/\/www.studiogera.de\/001\/2026\/03\/04\/raub-vor-einkaufsmarkt-in-lusan\/\" title=\"RAUB VOR EINKAUFSMARKT IN LUSAN\">[&#8230;]<\/a><\/p>\n<\/div>","protected":false},"author":3,"featured_media":9351,"comment_status":"open","ping_status":"open","sticky":false,"template":"","format":"standard","meta":{"footnotes":""},"categories":[13],"tags":[],"class_list":{"0":"post-41629","1":"post","2":"type-post","3":"status-publish","4":"format-standard","5":"has-post-thumbnail","7":"category-polizeiberichte"},"_links":{"self":[{"href":"https:\/\/www.studiogera.de\/001\/wp-json\/wp\/v2\/posts\/41629","targetHints":{"allow":["GET"]}}],"collection":[{"href":"https:\/\/www.studiogera.de\/001\/wp-json\/wp\/v2\/posts"}],"about":[{"href":"https:\/\/www.studiogera.de\/001\/wp-json\/wp\/v2\/types\/post"}],"author":[{"embeddable":true,"href":"https:\/\/www.studiogera.de\/001\/wp-json\/wp\/v2\/users\/3"}],"replies":[{"embeddable":true,"href":"https:\/\/www.studiogera.de\/001\/wp-json\/wp\/v2\/comments?post=41629"}],"version-history":[{"count":1,"href":"https:\/\/www.studiogera.de\/001\/wp-json\/wp\/v2\/posts\/41629\/revisions"}],"predecessor-version":[{"id":41630,"href":"https:\/\/www.studiogera.de\/001\/wp-json\/wp\/v2\/posts\/41629\/revisions\/41630"}],"wp:featuredmedia":[{"embeddable":true,"href":"https:\/\/www.studiogera.de\/001\/wp-json\/wp\/v2\/media\/9351"}],"wp:attachment":[{"href":"https:\/\/www.studiogera.de\/001\/wp-json\/wp\/v2\/media?parent=41629"}],"wp:term":[{"taxonomy":"category","embeddable":true,"href":"https:\/\/www.studiogera.de\/001\/wp-json\/wp\/v2\/categories?post=41629"},{"taxonomy":"post_tag","embeddable":true,"href":"https:\/\/www.studiogera.de\/001\/wp-json\/wp\/v2\/tags?post=41629"}],"curies":[{"name":"wp","href":"https:\/\/api.w.org\/{rel}","templated":true}]}}