{"id":41631,"date":"2026-03-05T11:14:38","date_gmt":"2026-03-05T10:14:38","guid":{"rendered":"https:\/\/www.studiogera.de\/001\/?p=41631"},"modified":"2026-03-05T11:14:40","modified_gmt":"2026-03-05T10:14:40","slug":"neuigkeiten-vom-gvb","status":"publish","type":"post","link":"https:\/\/www.studiogera.de\/001\/2026\/03\/05\/neuigkeiten-vom-gvb\/","title":{"rendered":"NEUIGKEITEN VOM GVB"},"content":{"rendered":"\n<p>In einer nicht\u00f6ffentlichen Sitzung stimmte der Stadtrat am 4. M\u00e4rz 2026 \u00fcber die Besetzung der GVB-Gesch\u00e4ftsf\u00fchrung ab. Es gab mehrere Bewerber. Den Vorsitz hat seit 1. Oktober 2016 Thorsten R\u00fchle inne. Der Kandidat mit der Stimmenmehrheit \u00fcbernimmt den Posten am 1. Oktober 2026. \u00dcber das Ergebnis herrscht noch Stillschweigen.<\/p>\n\n\n\n<p>Am 4. M\u00e4rz 2026 wurde an der Wendeschleife Bahnhof Zw\u00f6tzen das erste Stra\u00dfenbahnfahrzeug des Modells Tina vom Eisenbahnwaggon auf das GVB-Streckennetz \u00fcberf\u00fchrt. Der erste Linieneinsatz ist f\u00fcr August geplant. In diesem Jahr sollen noch weitere zwei Fahrzeuge folgen. Insgesamt fertigt das Werk der Firma Stadler in Bussnang\/Schweiz neun Wagen f\u00fcr den GVB. Sie haben eine L\u00e4nge von 43 Metern, k\u00f6nnen 270 Fahrg\u00e4ste aufnehmen und sind mit h\u00f6lzernen Sitzen ausgestattet.<\/p>\n\n\n\n<p>Bis 2029 will der GVB zudem acht Batterie-Solobusse und zwei Batterie-Gelenkbusse beschaffen, sodass dann insgesamt 16 Elektrobusse im Stadtgebiet unterwegs sein werden. Erm\u00f6glicht wird dies durch F\u00f6rdergelder. Das Th\u00fcringer Ministerium f\u00fcr Umwelt, Energie, Naturschutz und Forsten bewilligte hierf\u00fcr \u00fcber 4,428 Millionen Euro aus EU-Mitteln.<\/p>\n","protected":false},"excerpt":{"rendered":"<div class=\"mh-excerpt\"><p>In einer nicht\u00f6ffentlichen Sitzung stimmte der Stadtrat am 4. M\u00e4rz 2026 \u00fcber die Besetzung der GVB-Gesch\u00e4ftsf\u00fchrung ab. Es gab mehrere Bewerber. Den Vorsitz hat seit 1. Oktober 2016 Thorsten R\u00fchle inne. Der Kandidat mit der <a class=\"mh-excerpt-more\" href=\"https:\/\/www.studiogera.de\/001\/2026\/03\/05\/neuigkeiten-vom-gvb\/\" title=\"NEUIGKEITEN VOM GVB\">[&#8230;]<\/a><\/p>\n<\/div>","protected":false},"author":2,"featured_media":18735,"comment_status":"open","ping_status":"open","sticky":false,"template":"","format":"standard","meta":{"footnotes":""},"categories":[3],"tags":[],"class_list":{"0":"post-41631","1":"post","2":"type-post","3":"status-publish","4":"format-standard","5":"has-post-thumbnail","7":"category-lokal"},"_links":{"self":[{"href":"https:\/\/www.studiogera.de\/001\/wp-json\/wp\/v2\/posts\/41631","targetHints":{"allow":["GET"]}}],"collection":[{"href":"https:\/\/www.studiogera.de\/001\/wp-json\/wp\/v2\/posts"}],"about":[{"href":"https:\/\/www.studiogera.de\/001\/wp-json\/wp\/v2\/types\/post"}],"author":[{"embeddable":true,"href":"https:\/\/www.studiogera.de\/001\/wp-json\/wp\/v2\/users\/2"}],"replies":[{"embeddable":true,"href":"https:\/\/www.studiogera.de\/001\/wp-json\/wp\/v2\/comments?post=41631"}],"version-history":[{"count":1,"href":"https:\/\/www.studiogera.de\/001\/wp-json\/wp\/v2\/posts\/41631\/revisions"}],"predecessor-version":[{"id":41632,"href":"https:\/\/www.studiogera.de\/001\/wp-json\/wp\/v2\/posts\/41631\/revisions\/41632"}],"wp:featuredmedia":[{"embeddable":true,"href":"https:\/\/www.studiogera.de\/001\/wp-json\/wp\/v2\/media\/18735"}],"wp:attachment":[{"href":"https:\/\/www.studiogera.de\/001\/wp-json\/wp\/v2\/media?parent=41631"}],"wp:term":[{"taxonomy":"category","embeddable":true,"href":"https:\/\/www.studiogera.de\/001\/wp-json\/wp\/v2\/categories?post=41631"},{"taxonomy":"post_tag","embeddable":true,"href":"https:\/\/www.studiogera.de\/001\/wp-json\/wp\/v2\/tags?post=41631"}],"curies":[{"name":"wp","href":"https:\/\/api.w.org\/{rel}","templated":true}]}}