{"id":41633,"date":"2026-03-05T11:29:59","date_gmt":"2026-03-05T10:29:59","guid":{"rendered":"https:\/\/www.studiogera.de\/001\/?p=41633"},"modified":"2026-03-05T11:30:00","modified_gmt":"2026-03-05T10:30:00","slug":"sharon-mansur-trio-spielt-im-kuk","status":"publish","type":"post","link":"https:\/\/www.studiogera.de\/001\/2026\/03\/05\/sharon-mansur-trio-spielt-im-kuk\/","title":{"rendered":"SHARON-MANSUR-TRIO SPIELT IM KUK"},"content":{"rendered":"\n<p>Nach einer aufw\u00e4ndigen Anreise \u00fcber Drittstaaten ist es den Musikern gelungen, von Israel nach Deutschland zu kommen \u2013 und nun doch in Gera aufzutreten. Das Sharon-Mansur-Trio wird am Sonntag, den 8. M\u00e4rz 2026, ab 17 Uhr im Kultur- und Kongresszentrum zu erleben sein.<\/p>\n\n\n\n<p>Das Publikum erwartet ein intensiver, genre\u00fcbergreifender Konzertabend. Die israelische Pianistin Sharon Mansur verbindet in ihrem Spiel Klassik, Jazz und elektronische Elemente mit Einfl\u00fcssen aus dem Nahen Osten. Zwischen Fl\u00fcgel und Synthesizer entstehen vielschichtige Klangr\u00e4ume, die Tradition und Moderne selbstverst\u00e4ndlich zusammenf\u00fchren.<\/p>\n\n\n\n<p>Sharon Mansur arbeitete unter anderem mit der Gruppe \u201eOrphaned Land\u201c sowie dem \u201eJerusalem Orchestra East and West\u201c zusammen. Ihr musikalisches Credo ist dabei stets verbindend: Musik als gemeinsame Sprache \u00fcber kulturelle und geografische Grenzen hinweg.<\/p>\n\n\n\n<p>Das Konzert im Kultur- und Kongresszentrum mit Sharon Mansur, David Michaeli und Aviv Cohen verspricht einen bewegenden Abend voller Energie, Virtuosit\u00e4t und k\u00fcnstlerischer Offenheit \u2013 gerade in einer Zeit, in der kultureller Austausch wichtiger denn je ist. An der Abendkasse kostet der Eintritt 18 Euro. Es werden Vorverkaufsrabatte und Erm\u00e4\u00dfigungen angeboten.<\/p>\n\n\n\n<p>Vom 5. bis 26. M\u00e4rz 2026 finden in 16 Th\u00fcringer Orten rund 80 Veranstaltungen statt. Seit \u00fcber drei Jahrzehnten bringen die Kulturtage gemeinsam mit dem F\u00f6rderverein f\u00fcr J\u00fcdisch-Israelische Kultur in Th\u00fcringen j\u00fcdische und israelische Kultur in die Mitte der Gesellschaft.<\/p>\n\n\n\n<p>Trotz einzelner programmatischer Herausforderungen k\u00f6nnen die 34. J\u00fcdisch-Israelischen Kulturtage Th\u00fcringen stattfinden. Das vollst\u00e4ndige Programm, auch mit allem H\u00f6hepunkten in Gera, ist unter der Web-Adresse \u201ewww.juedische-kulturtage-thueringen.de\u201c zu finden.<\/p>\n\n\n\n<p>QUELLE: STADTVERWALTUNG, F\u00d6RDERVEREIN F\u00dcR J\u00dcDISCH-ISRAELISCHE KULTUR IN TH\u00dcRINGEN<\/p>\n","protected":false},"excerpt":{"rendered":"<div class=\"mh-excerpt\"><p>Nach einer aufw\u00e4ndigen Anreise \u00fcber Drittstaaten ist es den Musikern gelungen, von Israel nach Deutschland zu kommen \u2013 und nun doch in Gera aufzutreten. Das Sharon-Mansur-Trio wird am Sonntag, den 8. M\u00e4rz 2026, ab 17 <a class=\"mh-excerpt-more\" href=\"https:\/\/www.studiogera.de\/001\/2026\/03\/05\/sharon-mansur-trio-spielt-im-kuk\/\" title=\"SHARON-MANSUR-TRIO SPIELT IM KUK\">[&#8230;]<\/a><\/p>\n<\/div>","protected":false},"author":2,"featured_media":41634,"comment_status":"open","ping_status":"open","sticky":false,"template":"","format":"standard","meta":{"footnotes":""},"categories":[8],"tags":[],"class_list":{"0":"post-41633","1":"post","2":"type-post","3":"status-publish","4":"format-standard","5":"has-post-thumbnail","7":"category-kultur"},"_links":{"self":[{"href":"https:\/\/www.studiogera.de\/001\/wp-json\/wp\/v2\/posts\/41633","targetHints":{"allow":["GET"]}}],"collection":[{"href":"https:\/\/www.studiogera.de\/001\/wp-json\/wp\/v2\/posts"}],"about":[{"href":"https:\/\/www.studiogera.de\/001\/wp-json\/wp\/v2\/types\/post"}],"author":[{"embeddable":true,"href":"https:\/\/www.studiogera.de\/001\/wp-json\/wp\/v2\/users\/2"}],"replies":[{"embeddable":true,"href":"https:\/\/www.studiogera.de\/001\/wp-json\/wp\/v2\/comments?post=41633"}],"version-history":[{"count":1,"href":"https:\/\/www.studiogera.de\/001\/wp-json\/wp\/v2\/posts\/41633\/revisions"}],"predecessor-version":[{"id":41635,"href":"https:\/\/www.studiogera.de\/001\/wp-json\/wp\/v2\/posts\/41633\/revisions\/41635"}],"wp:featuredmedia":[{"embeddable":true,"href":"https:\/\/www.studiogera.de\/001\/wp-json\/wp\/v2\/media\/41634"}],"wp:attachment":[{"href":"https:\/\/www.studiogera.de\/001\/wp-json\/wp\/v2\/media?parent=41633"}],"wp:term":[{"taxonomy":"category","embeddable":true,"href":"https:\/\/www.studiogera.de\/001\/wp-json\/wp\/v2\/categories?post=41633"},{"taxonomy":"post_tag","embeddable":true,"href":"https:\/\/www.studiogera.de\/001\/wp-json\/wp\/v2\/tags?post=41633"}],"curies":[{"name":"wp","href":"https:\/\/api.w.org\/{rel}","templated":true}]}}