{"id":41636,"date":"2026-03-05T11:44:29","date_gmt":"2026-03-05T10:44:29","guid":{"rendered":"https:\/\/www.studiogera.de\/001\/?p=41636"},"modified":"2026-03-05T11:44:30","modified_gmt":"2026-03-05T10:44:30","slug":"franzoesischer-gourmetmarkt-vom-10-bis-14-maerz-2026","status":"publish","type":"post","link":"https:\/\/www.studiogera.de\/001\/2026\/03\/05\/franzoesischer-gourmetmarkt-vom-10-bis-14-maerz-2026\/","title":{"rendered":"FRANZ\u00d6SISCHER GOURMETMARKT VOM 10. BIS 14. M\u00c4RZ 2026"},"content":{"rendered":"\n<p>Vom 10. bis 14. M\u00e4rz 2026 findet in Gera wieder der Franz\u00f6sische Gourmetmarkt statt. Zur mittlerweile 18. Veranstaltung d\u00fcrfen sich die Besucher auf originale Spezialit\u00e4ten direkt von franz\u00f6sischen Erzeugern freuen, handwerklich hergestellte Delikatessen entdecken und regionale K\u00f6stlichkeiten probieren. Der Markt bietet unter anderem K\u00e4se aus verschiedenen Regionen Frankreichs, luftgetrocknete Wurst aus der Auvergne, s\u00fc\u00dfes Geb\u00e4ck aus der Bretagne, zarte Macarons aus der Provence, Nougat und Pasteten, sowie Seife aus der Provence. Dazwischen laden Sitzgelegenheiten zum Verweilen, Schlemmen und Genie\u00dfen ein. Oberb\u00fcrgermeister Kurt Dannenberg begr\u00fc\u00dft die H\u00e4ndler am 10. M\u00e4rz um 9 Uhr.<\/p>\n\n\n\n<p>An den Markttagen Dienstag, Donnerstag und Freitag wird das Angebot durch die vertrauten St\u00e4nde des Wochenmarktes erg\u00e4nzt. Dort zu finden sind frische Backwaren, hausgemachte Fleisch- und Wurstwaren, Obst, Gem\u00fcse, Blumen, Pflanzen und g\u00e4rtnerische Erzeugnisse, Honig, K\u00e4se- und Rahmprodukte, Strick- und Korbwaren, Kr\u00e4uter, Gew\u00fcrze, Feinkost und Tee, Th\u00fcringer Grillspezialit\u00e4ten frisch vom Grill sowie Spezialit\u00e4ten von Wild, Gefl\u00fcgel, Pferd und Lamm.<\/p>\n\n\n\n<p>Der Franz\u00f6sische Gourmetmarkt kann von Dienstag bis Freitag in der Zeit von 9 Uhr bis 18 Uhr besucht werden. Am Samstag hat er von 9 Uhr bis 14 Uhr ge\u00f6ffnet.<\/p>\n\n\n\n<p>F\u00fcr einen besonderen H\u00f6rgenuss sorgt in diesem Jahr eine Auswahl von Sch\u00fclern der zw\u00f6lften Klassen des Rutheneums. Am Dienstag, den 10. M\u00e4rz 2026, werden diese ab 12 Uhr die Besucher des Marktes zu einer kleinen musikalischen Reise einladen. Dabei wird Frankreich als die kulinarische Schatzkammer, das Land der Lebensk\u00fcnstler, das Land von Wein und K\u00e4se gesanglich besonders hofiert.<\/p>\n","protected":false},"excerpt":{"rendered":"<div class=\"mh-excerpt\"><p>Vom 10. bis 14. M\u00e4rz 2026 findet in Gera wieder der Franz\u00f6sische Gourmetmarkt statt. Zur mittlerweile 18. Veranstaltung d\u00fcrfen sich die Besucher auf originale Spezialit\u00e4ten direkt von franz\u00f6sischen Erzeugern freuen, handwerklich hergestellte Delikatessen entdecken und <a class=\"mh-excerpt-more\" href=\"https:\/\/www.studiogera.de\/001\/2026\/03\/05\/franzoesischer-gourmetmarkt-vom-10-bis-14-maerz-2026\/\" title=\"FRANZ\u00d6SISCHER GOURMETMARKT VOM 10. BIS 14. M\u00c4RZ 2026\">[&#8230;]<\/a><\/p>\n<\/div>","protected":false},"author":2,"featured_media":41637,"comment_status":"open","ping_status":"open","sticky":false,"template":"","format":"standard","meta":{"footnotes":""},"categories":[8],"tags":[],"class_list":{"0":"post-41636","1":"post","2":"type-post","3":"status-publish","4":"format-standard","5":"has-post-thumbnail","7":"category-kultur"},"_links":{"self":[{"href":"https:\/\/www.studiogera.de\/001\/wp-json\/wp\/v2\/posts\/41636","targetHints":{"allow":["GET"]}}],"collection":[{"href":"https:\/\/www.studiogera.de\/001\/wp-json\/wp\/v2\/posts"}],"about":[{"href":"https:\/\/www.studiogera.de\/001\/wp-json\/wp\/v2\/types\/post"}],"author":[{"embeddable":true,"href":"https:\/\/www.studiogera.de\/001\/wp-json\/wp\/v2\/users\/2"}],"replies":[{"embeddable":true,"href":"https:\/\/www.studiogera.de\/001\/wp-json\/wp\/v2\/comments?post=41636"}],"version-history":[{"count":1,"href":"https:\/\/www.studiogera.de\/001\/wp-json\/wp\/v2\/posts\/41636\/revisions"}],"predecessor-version":[{"id":41638,"href":"https:\/\/www.studiogera.de\/001\/wp-json\/wp\/v2\/posts\/41636\/revisions\/41638"}],"wp:featuredmedia":[{"embeddable":true,"href":"https:\/\/www.studiogera.de\/001\/wp-json\/wp\/v2\/media\/41637"}],"wp:attachment":[{"href":"https:\/\/www.studiogera.de\/001\/wp-json\/wp\/v2\/media?parent=41636"}],"wp:term":[{"taxonomy":"category","embeddable":true,"href":"https:\/\/www.studiogera.de\/001\/wp-json\/wp\/v2\/categories?post=41636"},{"taxonomy":"post_tag","embeddable":true,"href":"https:\/\/www.studiogera.de\/001\/wp-json\/wp\/v2\/tags?post=41636"}],"curies":[{"name":"wp","href":"https:\/\/api.w.org\/{rel}","templated":true}]}}