{"id":41641,"date":"2026-03-05T12:04:20","date_gmt":"2026-03-05T11:04:20","guid":{"rendered":"https:\/\/www.studiogera.de\/001\/?p=41641"},"modified":"2026-03-05T12:04:21","modified_gmt":"2026-03-05T11:04:21","slug":"kinder-und-jugendbefragung-2026","status":"publish","type":"post","link":"https:\/\/www.studiogera.de\/001\/2026\/03\/05\/kinder-und-jugendbefragung-2026\/","title":{"rendered":"KINDER- UND JUGENDBEFRAGUNG 2026"},"content":{"rendered":"\n<p>Noch bis zum 23. M\u00e4rz 2026 haben alle Kinder und Jugendlichen im Alter von zehn bis 18 Jahren in Gera die M\u00f6glichkeit, sich an der diesj\u00e4hrigen Kinder- und Jugendbefragung zu beteiligen. Die Web-Umfrage bietet jungen Menschen die M\u00f6glichkeit, ihre Sichtweisen und W\u00fcnsche aktiv einzubringen und so die Weiterentwicklung ihrer Stadt mitzugestalten.<\/p>\n\n\n\n<p>Ziel ist es, bestehende Freizeit-, Beratungs- und Unterst\u00fctzungsangebote zu \u00fcberpr\u00fcfen, passgenau weiterzuentwickeln und neue Bedarfe fr\u00fchzeitig zu erkennen. Im Mittelpunkt der Befragung stehen daher deren Freizeitgestaltung und beliebte Freizeitorte in Gera, die Medien- und Internetnutzung, der Umgang mit individuellen Problemlagen und Belastungsfaktoren sowie die wahrgenommenen Beteiligungs- und Mitbestimmungsm\u00f6glichkeiten. Die Ergebnisse bilden dann eine wesentliche Grundlage f\u00fcr diesbez\u00fcgliche zuk\u00fcnftige Entscheidungen.<\/p>\n\n\n\n<p>Mit der Durchf\u00fchrung und wissenschaftlichen Auswertung wurde das gemeinn\u00fctzige Forschungsinstitut Orbit e. V. beauftragt. Die Ergebnisse werden Mitte diesen Jahres in einer Sitzung des Jugendhilfeausschusses vorgestellt.<\/p>\n\n\n\n<p>Die Stadt Gera l\u00e4dt alle Kinder und Jugendlichen zwischen zehn und 18 Jahren ein, an der Umfrage unter folgendem Link teilzunehmen und die Zukunft ihrer Stadt aktiv mitzugestalten.<\/p>\n\n\n\n<p><a href=\"https:\/\/befragung.sozialplanung.net\/jugend-gera-2026?newtest=Y\">https:\/\/befragung.sozialplanung.net\/jugend-gera-2026?newtest=Y<\/a><\/p>\n\n\n\n<p>Die Teilnahme ist freiwillig und anonym. Die Daten werden streng vertraulich behandelt und lassen keine R\u00fcckschl\u00fcsse auf einzelne Personen zu. Die Beantwortung des Online-Fragebogens dauert in der Regel etwa 15 Minuten und ist \u00fcber PC, Tablet oder Smartphone m\u00f6glich. Der Befragungszeitraum endet am 23. M\u00e4rz 2026<\/p>\n\n\n\n<p>QUELLE: STADTVERWALTUNG<\/p>\n","protected":false},"excerpt":{"rendered":"<div class=\"mh-excerpt\"><p>Noch bis zum 23. M\u00e4rz 2026 haben alle Kinder und Jugendlichen im Alter von zehn bis 18 Jahren in Gera die M\u00f6glichkeit, sich an der diesj\u00e4hrigen Kinder- und Jugendbefragung zu beteiligen. Die Web-Umfrage bietet jungen <a class=\"mh-excerpt-more\" href=\"https:\/\/www.studiogera.de\/001\/2026\/03\/05\/kinder-und-jugendbefragung-2026\/\" title=\"KINDER- UND JUGENDBEFRAGUNG 2026\">[&#8230;]<\/a><\/p>\n<\/div>","protected":false},"author":2,"featured_media":41642,"comment_status":"open","ping_status":"open","sticky":false,"template":"","format":"standard","meta":{"footnotes":""},"categories":[3],"tags":[],"class_list":{"0":"post-41641","1":"post","2":"type-post","3":"status-publish","4":"format-standard","5":"has-post-thumbnail","7":"category-lokal"},"_links":{"self":[{"href":"https:\/\/www.studiogera.de\/001\/wp-json\/wp\/v2\/posts\/41641","targetHints":{"allow":["GET"]}}],"collection":[{"href":"https:\/\/www.studiogera.de\/001\/wp-json\/wp\/v2\/posts"}],"about":[{"href":"https:\/\/www.studiogera.de\/001\/wp-json\/wp\/v2\/types\/post"}],"author":[{"embeddable":true,"href":"https:\/\/www.studiogera.de\/001\/wp-json\/wp\/v2\/users\/2"}],"replies":[{"embeddable":true,"href":"https:\/\/www.studiogera.de\/001\/wp-json\/wp\/v2\/comments?post=41641"}],"version-history":[{"count":1,"href":"https:\/\/www.studiogera.de\/001\/wp-json\/wp\/v2\/posts\/41641\/revisions"}],"predecessor-version":[{"id":41643,"href":"https:\/\/www.studiogera.de\/001\/wp-json\/wp\/v2\/posts\/41641\/revisions\/41643"}],"wp:featuredmedia":[{"embeddable":true,"href":"https:\/\/www.studiogera.de\/001\/wp-json\/wp\/v2\/media\/41642"}],"wp:attachment":[{"href":"https:\/\/www.studiogera.de\/001\/wp-json\/wp\/v2\/media?parent=41641"}],"wp:term":[{"taxonomy":"category","embeddable":true,"href":"https:\/\/www.studiogera.de\/001\/wp-json\/wp\/v2\/categories?post=41641"},{"taxonomy":"post_tag","embeddable":true,"href":"https:\/\/www.studiogera.de\/001\/wp-json\/wp\/v2\/tags?post=41641"}],"curies":[{"name":"wp","href":"https:\/\/api.w.org\/{rel}","templated":true}]}}