{"id":41644,"date":"2026-03-05T12:20:05","date_gmt":"2026-03-05T11:20:05","guid":{"rendered":"https:\/\/www.studiogera.de\/001\/?p=41644"},"modified":"2026-03-05T12:20:06","modified_gmt":"2026-03-05T11:20:06","slug":"juedischer-glaube-und-alltag","status":"publish","type":"post","link":"https:\/\/www.studiogera.de\/001\/2026\/03\/05\/juedischer-glaube-und-alltag\/","title":{"rendered":"J\u00dcDISCHER GLAUBE UND ALLTAG"},"content":{"rendered":"\n<p>Anl\u00e4sslich der J\u00fcdisch-Israelischen Kulturtage in Th\u00fcringen findet am Dienstag, den 10. M\u00e4rz 2026, um 18 Uhr, ein Gespr\u00e4chsabend zum Kennenlernen j\u00fcdischen Lebens statt.<\/p>\n\n\n\n<p>Gemeindekantor Mil\u00e1n Andics stellt die grundlegenden Inhalte j\u00fcdischen Lebens vor und l\u00e4dt zum Gespr\u00e4ch ein: von j\u00fcdischen Traditionen bis zum Kantillieren aus der Tora.<\/p>\n\n\n\n<blockquote class=\"wp-block-quote is-layout-flow wp-block-quote-is-layout-flow\">\n<p>\u201eWir befinden uns gerade in der \u00dcbergangszeit vom Winter in den Fr\u00fchling. Das spiegelt sich auch in unserer Liturgie wider. Der Monat Adar, mit dem Purimfest, der laut unserer Tradition ein besonders fr\u00f6hlicher Monat ist, ist gerade vorbei, und in ein paar Wochen feiern wir mit dem Pessachfest den Auszug aus \u00c4gypten. Aber wie und was wird eigentlich gefeiert, welche Symbolik verbirgt sich hinter dieser besonderen Zeit und den dazugeh\u00f6rigen Festen? Und \u00fcberhaupt: Wie funktioniert eigentlich eine j\u00fcdische Gemeinde, welche Akteure gibt es au\u00dfer dem Rabbiner, und welche Aufgaben erf\u00fcllen sie? Auf diese und andere Fragen suchen wir in diesem Gespr\u00e4ch Antworten.\u201c<\/p>\n<\/blockquote>\n\n\n\n<p>Die Veranstaltung kann unentgeltlich besucht werden. Der Veranstaltungsort ist rollstuhlgerecht zug\u00e4nglich.<\/p>\n\n\n\n<p>QUELLE: STADTVERWALTUNG<\/p>\n","protected":false},"excerpt":{"rendered":"<div class=\"mh-excerpt\"><p>Anl\u00e4sslich der J\u00fcdisch-Israelischen Kulturtage in Th\u00fcringen findet am Dienstag, den 10. M\u00e4rz 2026, um 18 Uhr, ein Gespr\u00e4chsabend zum Kennenlernen j\u00fcdischen Lebens statt. Gemeindekantor Mil\u00e1n Andics stellt die grundlegenden Inhalte j\u00fcdischen Lebens vor und l\u00e4dt <a class=\"mh-excerpt-more\" href=\"https:\/\/www.studiogera.de\/001\/2026\/03\/05\/juedischer-glaube-und-alltag\/\" title=\"J\u00dcDISCHER GLAUBE UND ALLTAG\">[&#8230;]<\/a><\/p>\n<\/div>","protected":false},"author":2,"featured_media":41645,"comment_status":"open","ping_status":"open","sticky":false,"template":"","format":"standard","meta":{"footnotes":""},"categories":[8],"tags":[],"class_list":{"0":"post-41644","1":"post","2":"type-post","3":"status-publish","4":"format-standard","5":"has-post-thumbnail","7":"category-kultur"},"_links":{"self":[{"href":"https:\/\/www.studiogera.de\/001\/wp-json\/wp\/v2\/posts\/41644","targetHints":{"allow":["GET"]}}],"collection":[{"href":"https:\/\/www.studiogera.de\/001\/wp-json\/wp\/v2\/posts"}],"about":[{"href":"https:\/\/www.studiogera.de\/001\/wp-json\/wp\/v2\/types\/post"}],"author":[{"embeddable":true,"href":"https:\/\/www.studiogera.de\/001\/wp-json\/wp\/v2\/users\/2"}],"replies":[{"embeddable":true,"href":"https:\/\/www.studiogera.de\/001\/wp-json\/wp\/v2\/comments?post=41644"}],"version-history":[{"count":1,"href":"https:\/\/www.studiogera.de\/001\/wp-json\/wp\/v2\/posts\/41644\/revisions"}],"predecessor-version":[{"id":41646,"href":"https:\/\/www.studiogera.de\/001\/wp-json\/wp\/v2\/posts\/41644\/revisions\/41646"}],"wp:featuredmedia":[{"embeddable":true,"href":"https:\/\/www.studiogera.de\/001\/wp-json\/wp\/v2\/media\/41645"}],"wp:attachment":[{"href":"https:\/\/www.studiogera.de\/001\/wp-json\/wp\/v2\/media?parent=41644"}],"wp:term":[{"taxonomy":"category","embeddable":true,"href":"https:\/\/www.studiogera.de\/001\/wp-json\/wp\/v2\/categories?post=41644"},{"taxonomy":"post_tag","embeddable":true,"href":"https:\/\/www.studiogera.de\/001\/wp-json\/wp\/v2\/tags?post=41644"}],"curies":[{"name":"wp","href":"https:\/\/api.w.org\/{rel}","templated":true}]}}