{"id":41650,"date":"2026-03-05T12:34:46","date_gmt":"2026-03-05T11:34:46","guid":{"rendered":"https:\/\/www.studiogera.de\/001\/?p=41650"},"modified":"2026-03-05T12:34:47","modified_gmt":"2026-03-05T11:34:47","slug":"ohne-versicherungsschutz-unterwegs","status":"publish","type":"post","link":"https:\/\/www.studiogera.de\/001\/2026\/03\/05\/ohne-versicherungsschutz-unterwegs\/","title":{"rendered":"OHNE VERSICHERUNGSSCHUTZ UNTERWEGS"},"content":{"rendered":"\n<p>Beamte der Polizei Gera kontrollierten am Mittwochmorgen, den 4. M\u00e4rz 2026, gegen 8.35 Uhr eine 16-j\u00e4hrige Fahrerin eines Kleinkraftrades in der Th\u00fcringer Stra\u00dfe. Zuvor war den Polizisten aufgefallen, dass an dem Fahrzeug noch ein gr\u00fcnes Versicherungskennzeichen aus dem Jahr 2025 angebracht war. Dessen G\u00fcltigkeit war bereits zum 28. Februar 2026 abgelaufen, sodass f\u00fcr das Fahrzeug kein g\u00fcltiger Versicherungsschutz mehr bestand. Die Beamten untersagten der Jugendlichen die Weiterfahrt und leiteten ein Ermittlungsverfahren wegen des Versto\u00dfes gegen das Pflichtversicherungsgesetz ein.<\/p>\n","protected":false},"excerpt":{"rendered":"<div class=\"mh-excerpt\"><p>Beamte der Polizei Gera kontrollierten am Mittwochmorgen, den 4. M\u00e4rz 2026, gegen 8.35 Uhr eine 16-j\u00e4hrige Fahrerin eines Kleinkraftrades in der Th\u00fcringer Stra\u00dfe. Zuvor war den Polizisten aufgefallen, dass an dem Fahrzeug noch ein gr\u00fcnes <a class=\"mh-excerpt-more\" href=\"https:\/\/www.studiogera.de\/001\/2026\/03\/05\/ohne-versicherungsschutz-unterwegs\/\" title=\"OHNE VERSICHERUNGSSCHUTZ UNTERWEGS\">[&#8230;]<\/a><\/p>\n<\/div>","protected":false},"author":2,"featured_media":9353,"comment_status":"open","ping_status":"open","sticky":false,"template":"","format":"standard","meta":{"footnotes":""},"categories":[13],"tags":[],"class_list":{"0":"post-41650","1":"post","2":"type-post","3":"status-publish","4":"format-standard","5":"has-post-thumbnail","7":"category-polizeiberichte"},"_links":{"self":[{"href":"https:\/\/www.studiogera.de\/001\/wp-json\/wp\/v2\/posts\/41650","targetHints":{"allow":["GET"]}}],"collection":[{"href":"https:\/\/www.studiogera.de\/001\/wp-json\/wp\/v2\/posts"}],"about":[{"href":"https:\/\/www.studiogera.de\/001\/wp-json\/wp\/v2\/types\/post"}],"author":[{"embeddable":true,"href":"https:\/\/www.studiogera.de\/001\/wp-json\/wp\/v2\/users\/2"}],"replies":[{"embeddable":true,"href":"https:\/\/www.studiogera.de\/001\/wp-json\/wp\/v2\/comments?post=41650"}],"version-history":[{"count":1,"href":"https:\/\/www.studiogera.de\/001\/wp-json\/wp\/v2\/posts\/41650\/revisions"}],"predecessor-version":[{"id":41651,"href":"https:\/\/www.studiogera.de\/001\/wp-json\/wp\/v2\/posts\/41650\/revisions\/41651"}],"wp:featuredmedia":[{"embeddable":true,"href":"https:\/\/www.studiogera.de\/001\/wp-json\/wp\/v2\/media\/9353"}],"wp:attachment":[{"href":"https:\/\/www.studiogera.de\/001\/wp-json\/wp\/v2\/media?parent=41650"}],"wp:term":[{"taxonomy":"category","embeddable":true,"href":"https:\/\/www.studiogera.de\/001\/wp-json\/wp\/v2\/categories?post=41650"},{"taxonomy":"post_tag","embeddable":true,"href":"https:\/\/www.studiogera.de\/001\/wp-json\/wp\/v2\/tags?post=41650"}],"curies":[{"name":"wp","href":"https:\/\/api.w.org\/{rel}","templated":true}]}}