{"id":41652,"date":"2026-03-06T08:53:14","date_gmt":"2026-03-06T07:53:14","guid":{"rendered":"https:\/\/www.studiogera.de\/001\/?p=41652"},"modified":"2026-03-06T09:02:11","modified_gmt":"2026-03-06T08:02:11","slug":"pkw-faehrt-radfahrerin-an","status":"publish","type":"post","link":"https:\/\/www.studiogera.de\/001\/2026\/03\/06\/pkw-faehrt-radfahrerin-an\/","title":{"rendered":"PKW F\u00c4HRT RADFAHRERIN AN"},"content":{"rendered":"\n<p>Am 5. M\u00e0rz 2026 kam es gegen 6.15 Uhr im Kreuzungsbereich Leibnizstra\u00dfe\/Joliot-Curie-Stra\u00dfe zu einem Verkehrsunfall zwischen einem PKW und einer Radfahrerin. Ein 47-j\u00e4hriger Fahrer eines Audi befuhr die Schellingstra\u00dfe mit der Absicht, nach links in die Leibnizstra\u00dfe abzubiegen. Beim Abbiegen geriet er in den Gegenverkehr und kollidierte mit einer 41-j\u00e4hrigen Radfahrerin, die an der Kreuzung wartete. Die Frau st\u00fcrzte und erlitt leichte Verletzungen am Knie. Am PKW entstand ein Schaden im knapp vierstelligen Bereich, am Fahrrrad wurden Lenker und Vorderrad besch\u00e4digt. Beim Fahrzeugf\u00fchrer wurde eine Atemalkoholkonzentration von 0,49 Promille festgestellt. Die Polizei leitete entsprechende Ermittlungen im Fall 0055984\/2026 ein und stellte den F\u00fchrerschein vorl\u00e4ufig sicher.<\/p>\n","protected":false},"excerpt":{"rendered":"<div class=\"mh-excerpt\"><p>Am 5. M\u00e0rz 2026 kam es gegen 6.15 Uhr im Kreuzungsbereich Leibnizstra\u00dfe\/Joliot-Curie-Stra\u00dfe zu einem Verkehrsunfall zwischen einem PKW und einer Radfahrerin. Ein 47-j\u00e4hriger Fahrer eines Audi befuhr die Schellingstra\u00dfe mit der Absicht, nach links in <a class=\"mh-excerpt-more\" href=\"https:\/\/www.studiogera.de\/001\/2026\/03\/06\/pkw-faehrt-radfahrerin-an\/\" title=\"PKW F\u00c4HRT RADFAHRERIN AN\">[&#8230;]<\/a><\/p>\n<\/div>","protected":false},"author":3,"featured_media":9356,"comment_status":"open","ping_status":"open","sticky":false,"template":"","format":"standard","meta":{"footnotes":""},"categories":[13],"tags":[],"class_list":{"0":"post-41652","1":"post","2":"type-post","3":"status-publish","4":"format-standard","5":"has-post-thumbnail","7":"category-polizeiberichte"},"_links":{"self":[{"href":"https:\/\/www.studiogera.de\/001\/wp-json\/wp\/v2\/posts\/41652","targetHints":{"allow":["GET"]}}],"collection":[{"href":"https:\/\/www.studiogera.de\/001\/wp-json\/wp\/v2\/posts"}],"about":[{"href":"https:\/\/www.studiogera.de\/001\/wp-json\/wp\/v2\/types\/post"}],"author":[{"embeddable":true,"href":"https:\/\/www.studiogera.de\/001\/wp-json\/wp\/v2\/users\/3"}],"replies":[{"embeddable":true,"href":"https:\/\/www.studiogera.de\/001\/wp-json\/wp\/v2\/comments?post=41652"}],"version-history":[{"count":2,"href":"https:\/\/www.studiogera.de\/001\/wp-json\/wp\/v2\/posts\/41652\/revisions"}],"predecessor-version":[{"id":41654,"href":"https:\/\/www.studiogera.de\/001\/wp-json\/wp\/v2\/posts\/41652\/revisions\/41654"}],"wp:featuredmedia":[{"embeddable":true,"href":"https:\/\/www.studiogera.de\/001\/wp-json\/wp\/v2\/media\/9356"}],"wp:attachment":[{"href":"https:\/\/www.studiogera.de\/001\/wp-json\/wp\/v2\/media?parent=41652"}],"wp:term":[{"taxonomy":"category","embeddable":true,"href":"https:\/\/www.studiogera.de\/001\/wp-json\/wp\/v2\/categories?post=41652"},{"taxonomy":"post_tag","embeddable":true,"href":"https:\/\/www.studiogera.de\/001\/wp-json\/wp\/v2\/tags?post=41652"}],"curies":[{"name":"wp","href":"https:\/\/api.w.org\/{rel}","templated":true}]}}