{"id":41663,"date":"2026-03-08T10:22:26","date_gmt":"2026-03-08T09:22:26","guid":{"rendered":"https:\/\/www.studiogera.de\/001\/?p=41663"},"modified":"2026-03-08T10:24:42","modified_gmt":"2026-03-08T09:24:42","slug":"veranstaltung-am-sonntag","status":"publish","type":"post","link":"https:\/\/www.studiogera.de\/001\/2026\/03\/08\/veranstaltung-am-sonntag\/","title":{"rendered":"VERANSTALTUNG AM SONNTAG"},"content":{"rendered":"\n<p>Ein Stadtrundgang von 10 Uhr Bis 11.30 Uhr widmet sich ausgew\u00e4hlten Geraer Frauen vom 19. Jahrhundert bis in die Gegenwart. Treffpunkt ist die Firma Carqueville in der Heinrichstra\u00dfe um 10 Uhr.<\/p>\n\n\n\n<p>Intershop, Delikat, Jugendweihe, Wehrlager \u2013 die Sonderausstellung im Stadtmuseum \u201eDas waren die 80er!\u201c zeigt die sch\u00f6nen und weniger sch\u00f6nen Seiten des Lebens in den 1980er Jahren. Mit Gera als Etappenort der Friedensfahrt, der Partnerschaft Gera-N\u00fcrnberg als Zeichen der politischen Entspannung in der zweiten H\u00e4lfte des Jahrzehnts, dem Hochwasser 1981 oder den kulturellen und politischen Gro\u00dfveranstaltungen auf dem Zentralen Platz werden auch immer wieder Bez\u00fcge zu Gera hergestellt. \u00d6ffentliche F\u00fchrungen durch die Ausstellung werden im M\u00e4rz an jeden Sonntag um 14 Uhr im Stadtmuseum angeboten.<\/p>\n\n\n\n<p>Um 14 Uhr beginnt eine \u00f6ffentliche F\u00fchrung durch die H\u00f6hler. Sie dauert etwa 45 Minuten und kostet sechs bzw. vier Euro pro Person. Die Teilnahme ist auf maximal 20 Personen begrenzt. Die F\u00fchrungen richten sich vor allem an Individualbesucher; Gruppen k\u00f6nnen mit bis zu zehn Personen teilnehmen.<\/p>\n\n\n\n<p>Eva-Maria Fastenau und Michael Seeboth f\u00fchren von 14 Uhr bis 16.15 Uhr im Rathauskeller ihr Kabarettst\u00fcck \u201eEine Frau, die schweigt, unterbricht Mann nicht\u201c auf.<\/p>\n\n\n\n<p>Um 15 Uhr wird im Stadion am Steg das Fu\u00dfballspiel Wismut Gera II gegen Motor Altenburg angesto\u00dfen.<\/p>\n\n\n\n<p>Im Kultur- und Kongresszentrum spielt ab 17 Uhr das Sharon-Mansur-Trio im Rahmen der J\u00fcdisch-Israelischen Kulturtage in Th\u00fcringen.<\/p>\n","protected":false},"excerpt":{"rendered":"<div class=\"mh-excerpt\"><p>Ein Stadtrundgang von 10 Uhr Bis 11.30 Uhr widmet sich ausgew\u00e4hlten Geraer Frauen vom 19. Jahrhundert bis in die Gegenwart. Treffpunkt ist die Firma Carqueville in der Heinrichstra\u00dfe um 10 Uhr. Intershop, Delikat, Jugendweihe, Wehrlager <a class=\"mh-excerpt-more\" href=\"https:\/\/www.studiogera.de\/001\/2026\/03\/08\/veranstaltung-am-sonntag\/\" title=\"VERANSTALTUNG AM SONNTAG\">[&#8230;]<\/a><\/p>\n<\/div>","protected":false},"author":2,"featured_media":41152,"comment_status":"open","ping_status":"open","sticky":false,"template":"","format":"standard","meta":{"footnotes":""},"categories":[16],"tags":[],"class_list":{"0":"post-41663","1":"post","2":"type-post","3":"status-publish","4":"format-standard","5":"has-post-thumbnail","7":"category-kurzmitteilungen"},"_links":{"self":[{"href":"https:\/\/www.studiogera.de\/001\/wp-json\/wp\/v2\/posts\/41663","targetHints":{"allow":["GET"]}}],"collection":[{"href":"https:\/\/www.studiogera.de\/001\/wp-json\/wp\/v2\/posts"}],"about":[{"href":"https:\/\/www.studiogera.de\/001\/wp-json\/wp\/v2\/types\/post"}],"author":[{"embeddable":true,"href":"https:\/\/www.studiogera.de\/001\/wp-json\/wp\/v2\/users\/2"}],"replies":[{"embeddable":true,"href":"https:\/\/www.studiogera.de\/001\/wp-json\/wp\/v2\/comments?post=41663"}],"version-history":[{"count":1,"href":"https:\/\/www.studiogera.de\/001\/wp-json\/wp\/v2\/posts\/41663\/revisions"}],"predecessor-version":[{"id":41664,"href":"https:\/\/www.studiogera.de\/001\/wp-json\/wp\/v2\/posts\/41663\/revisions\/41664"}],"wp:featuredmedia":[{"embeddable":true,"href":"https:\/\/www.studiogera.de\/001\/wp-json\/wp\/v2\/media\/41152"}],"wp:attachment":[{"href":"https:\/\/www.studiogera.de\/001\/wp-json\/wp\/v2\/media?parent=41663"}],"wp:term":[{"taxonomy":"category","embeddable":true,"href":"https:\/\/www.studiogera.de\/001\/wp-json\/wp\/v2\/categories?post=41663"},{"taxonomy":"post_tag","embeddable":true,"href":"https:\/\/www.studiogera.de\/001\/wp-json\/wp\/v2\/tags?post=41663"}],"curies":[{"name":"wp","href":"https:\/\/api.w.org\/{rel}","templated":true}]}}