{"id":41665,"date":"2026-03-08T10:27:36","date_gmt":"2026-03-08T09:27:36","guid":{"rendered":"https:\/\/www.studiogera.de\/001\/?p=41665"},"modified":"2026-03-08T10:27:37","modified_gmt":"2026-03-08T09:27:37","slug":"vermisster-16-jaehriger-wurde-gefunden","status":"publish","type":"post","link":"https:\/\/www.studiogera.de\/001\/2026\/03\/08\/vermisster-16-jaehriger-wurde-gefunden\/","title":{"rendered":"VERMISSTER 16-J\u00c4HRIGER WURDE GEFUNDEN"},"content":{"rendered":"\n<p>Die LPI Gera bedankt sich bei allen Mitsuchenden f\u00fcr die Unterst\u00fctzung. Dank eines B\u00fcrgerhinweises konnten Kr\u00e4fte des Inspektionsdienstes Gera den vermissten Herrn Ke\u00dfler am 2. M\u00e4rz 2026 gegen 19.15 Uhr aufgreifen.<\/p>\n","protected":false},"excerpt":{"rendered":"<div class=\"mh-excerpt\"><p>Die LPI Gera bedankt sich bei allen Mitsuchenden f\u00fcr die Unterst\u00fctzung. Dank eines B\u00fcrgerhinweises konnten Kr\u00e4fte des Inspektionsdienstes Gera den vermissten Herrn Ke\u00dfler am 2. M\u00e4rz 2026 gegen 19.15 Uhr aufgreifen.<\/p>\n<\/div>","protected":false},"author":2,"featured_media":9349,"comment_status":"open","ping_status":"open","sticky":false,"template":"","format":"standard","meta":{"footnotes":""},"categories":[13],"tags":[],"class_list":{"0":"post-41665","1":"post","2":"type-post","3":"status-publish","4":"format-standard","5":"has-post-thumbnail","7":"category-polizeiberichte"},"_links":{"self":[{"href":"https:\/\/www.studiogera.de\/001\/wp-json\/wp\/v2\/posts\/41665","targetHints":{"allow":["GET"]}}],"collection":[{"href":"https:\/\/www.studiogera.de\/001\/wp-json\/wp\/v2\/posts"}],"about":[{"href":"https:\/\/www.studiogera.de\/001\/wp-json\/wp\/v2\/types\/post"}],"author":[{"embeddable":true,"href":"https:\/\/www.studiogera.de\/001\/wp-json\/wp\/v2\/users\/2"}],"replies":[{"embeddable":true,"href":"https:\/\/www.studiogera.de\/001\/wp-json\/wp\/v2\/comments?post=41665"}],"version-history":[{"count":1,"href":"https:\/\/www.studiogera.de\/001\/wp-json\/wp\/v2\/posts\/41665\/revisions"}],"predecessor-version":[{"id":41666,"href":"https:\/\/www.studiogera.de\/001\/wp-json\/wp\/v2\/posts\/41665\/revisions\/41666"}],"wp:featuredmedia":[{"embeddable":true,"href":"https:\/\/www.studiogera.de\/001\/wp-json\/wp\/v2\/media\/9349"}],"wp:attachment":[{"href":"https:\/\/www.studiogera.de\/001\/wp-json\/wp\/v2\/media?parent=41665"}],"wp:term":[{"taxonomy":"category","embeddable":true,"href":"https:\/\/www.studiogera.de\/001\/wp-json\/wp\/v2\/categories?post=41665"},{"taxonomy":"post_tag","embeddable":true,"href":"https:\/\/www.studiogera.de\/001\/wp-json\/wp\/v2\/tags?post=41665"}],"curies":[{"name":"wp","href":"https:\/\/api.w.org\/{rel}","templated":true}]}}