{"id":41669,"date":"2026-03-08T10:35:00","date_gmt":"2026-03-08T09:35:00","guid":{"rendered":"https:\/\/www.studiogera.de\/001\/?p=41669"},"modified":"2026-03-08T10:35:02","modified_gmt":"2026-03-08T09:35:02","slug":"streit-um-eine-hecke-am-lasurberg","status":"publish","type":"post","link":"https:\/\/www.studiogera.de\/001\/2026\/03\/08\/streit-um-eine-hecke-am-lasurberg\/","title":{"rendered":"STREIT UM EINE HECKE AM LASURBERG"},"content":{"rendered":"\n<p>Am Samstag, den 7. M\u00e4rz 2026, kam es am Lasurberg zu einem Nachbarschaftsstreit zwischen zwei M\u00e4nnern aufgrund einer Hecke im Grenzbereich der Grundst\u00fccke. Nach einem verbalen Disput begannen beide Beteiligte, sich gegenseitig mit \u00c4sten des Gr\u00fcnschnittes zu schlagen. Die eingesetzten Beamten beruhigten die Situation und trennten beide Parteien voneinander. Die M\u00e4nner wurden leicht verletzt, mussten jedoch nicht \u00e4rztlich versorgt werden. Es wurde ein Ermittlungsverfahren wegen K\u00f6rperverletzung gegen beide M\u00e4nner eingeleitet.<\/p>\n","protected":false},"excerpt":{"rendered":"<div class=\"mh-excerpt\"><p>Am Samstag, den 7. M\u00e4rz 2026, kam es am Lasurberg zu einem Nachbarschaftsstreit zwischen zwei M\u00e4nnern aufgrund einer Hecke im Grenzbereich der Grundst\u00fccke. Nach einem verbalen Disput begannen beide Beteiligte, sich gegenseitig mit \u00c4sten des <a class=\"mh-excerpt-more\" href=\"https:\/\/www.studiogera.de\/001\/2026\/03\/08\/streit-um-eine-hecke-am-lasurberg\/\" title=\"STREIT UM EINE HECKE AM LASURBERG\">[&#8230;]<\/a><\/p>\n<\/div>","protected":false},"author":2,"featured_media":9352,"comment_status":"open","ping_status":"open","sticky":false,"template":"","format":"standard","meta":{"footnotes":""},"categories":[13],"tags":[],"class_list":{"0":"post-41669","1":"post","2":"type-post","3":"status-publish","4":"format-standard","5":"has-post-thumbnail","7":"category-polizeiberichte"},"_links":{"self":[{"href":"https:\/\/www.studiogera.de\/001\/wp-json\/wp\/v2\/posts\/41669","targetHints":{"allow":["GET"]}}],"collection":[{"href":"https:\/\/www.studiogera.de\/001\/wp-json\/wp\/v2\/posts"}],"about":[{"href":"https:\/\/www.studiogera.de\/001\/wp-json\/wp\/v2\/types\/post"}],"author":[{"embeddable":true,"href":"https:\/\/www.studiogera.de\/001\/wp-json\/wp\/v2\/users\/2"}],"replies":[{"embeddable":true,"href":"https:\/\/www.studiogera.de\/001\/wp-json\/wp\/v2\/comments?post=41669"}],"version-history":[{"count":1,"href":"https:\/\/www.studiogera.de\/001\/wp-json\/wp\/v2\/posts\/41669\/revisions"}],"predecessor-version":[{"id":41670,"href":"https:\/\/www.studiogera.de\/001\/wp-json\/wp\/v2\/posts\/41669\/revisions\/41670"}],"wp:featuredmedia":[{"embeddable":true,"href":"https:\/\/www.studiogera.de\/001\/wp-json\/wp\/v2\/media\/9352"}],"wp:attachment":[{"href":"https:\/\/www.studiogera.de\/001\/wp-json\/wp\/v2\/media?parent=41669"}],"wp:term":[{"taxonomy":"category","embeddable":true,"href":"https:\/\/www.studiogera.de\/001\/wp-json\/wp\/v2\/categories?post=41669"},{"taxonomy":"post_tag","embeddable":true,"href":"https:\/\/www.studiogera.de\/001\/wp-json\/wp\/v2\/tags?post=41669"}],"curies":[{"name":"wp","href":"https:\/\/api.w.org\/{rel}","templated":true}]}}