{"id":41677,"date":"2026-03-08T23:19:31","date_gmt":"2026-03-08T22:19:31","guid":{"rendered":"https:\/\/www.studiogera.de\/001\/?p=41677"},"modified":"2026-03-08T23:19:32","modified_gmt":"2026-03-08T22:19:32","slug":"junge-menschen-mit-konservativen-ansichten","status":"publish","type":"post","link":"https:\/\/www.studiogera.de\/001\/2026\/03\/08\/junge-menschen-mit-konservativen-ansichten\/","title":{"rendered":"JUNGE MENSCHEN MIT KONSERVATIVEN ANSICHTEN"},"content":{"rendered":"\n<p>Normalerweise sind junge Menschen Ver\u00e4nderungen gegen\u00fcber aufgeschlossen, probieren gern etwas neues aus, gehen Risiken ein und wollen das alte hinter sich lassen. Denn es erscheint ihnen nicht nur verstaubt, sondern auch einengend. Seit einigen Jahren geht dieses Bed\u00fcrfnis jedoch zur\u00fcck. Teilweise ist sogar ein verst\u00e4rktes Interesse an der Vergangenheit und traditionellen Lebensweisen erkennbar.<\/p>\n\n\n\n<p>Wie es dazu kommt, schildern die Betroffenen h\u00e4ufig selbst: Die pr\u00e4gende und vertraute Lebensrealit\u00e4t verwandelt sich zu schnell und ohne Einflussm\u00f6glichkeit. Das erschwert es jungen Menschen, sich auf neue Dinge einzulassen. Denn wer andere Menschen, Lebensweisen und Kulturen entdecken will, m\u00f6chte nicht nur die Geschwindigkeit seiner Erkundungen selbst bestimmen, sondern auch das vertraute gesellschaftliche Fundament als Sicherheit im Hintergrund wissen. Misslingt der Vorsto\u00df ins Unbekannte, ist eine R\u00fcckkehr in das gewohnte Umfeld jederzeit m\u00f6glich.<\/p>\n\n\n\n<p>Doch nun scheint dieses allm\u00e4hlich zu zerbr\u00f6seln. Es entsteht ein neues Gesellschaftsbild, mit neuen Sprachen und neuen Priorit\u00e4ten \u2014 und damit die Vorstellung von einer Zukunft, in der die eigene kulturelle Identit\u00e4t keine Rolle mehr spielt. Das erzeugt Unbehagen und Angst vor der Zukunft. Der Denkansatz, einen neuen, offenen Heimatbegriff zu etablieren, fruchtet deshalb nicht. Einige Jugendsozialarbeiter m\u00f6chten erreichen, dass Heimat als ein Raum definiert wird, den jeder Fremde mitgestalten kann. Doch Jugendliche suchen naturgem\u00e4\u00df R\u00e4ume, in denen sie sich mit gleichgesinnten oder \u00e4hnlich empfindenden Menschen austauschen k\u00f6nnen. Dort entwickeln sie ein Gef\u00fchl der Zugeh\u00f6rigkeit und grenzen sich von anderen Gruppen ab. Die zu beobachtende Tendenz d\u00fcrfte sich daher verfestigen.<\/p>\n","protected":false},"excerpt":{"rendered":"<div class=\"mh-excerpt\"><p>Normalerweise sind junge Menschen Ver\u00e4nderungen gegen\u00fcber aufgeschlossen, probieren gern etwas neues aus, gehen Risiken ein und wollen das alte hinter sich lassen. Denn es erscheint ihnen nicht nur verstaubt, sondern auch einengend. Seit einigen Jahren <a class=\"mh-excerpt-more\" href=\"https:\/\/www.studiogera.de\/001\/2026\/03\/08\/junge-menschen-mit-konservativen-ansichten\/\" title=\"JUNGE MENSCHEN MIT KONSERVATIVEN ANSICHTEN\">[&#8230;]<\/a><\/p>\n<\/div>","protected":false},"author":2,"featured_media":41678,"comment_status":"open","ping_status":"open","sticky":false,"template":"","format":"standard","meta":{"footnotes":""},"categories":[6],"tags":[],"class_list":{"0":"post-41677","1":"post","2":"type-post","3":"status-publish","4":"format-standard","5":"has-post-thumbnail","7":"category-gesellschaft"},"_links":{"self":[{"href":"https:\/\/www.studiogera.de\/001\/wp-json\/wp\/v2\/posts\/41677","targetHints":{"allow":["GET"]}}],"collection":[{"href":"https:\/\/www.studiogera.de\/001\/wp-json\/wp\/v2\/posts"}],"about":[{"href":"https:\/\/www.studiogera.de\/001\/wp-json\/wp\/v2\/types\/post"}],"author":[{"embeddable":true,"href":"https:\/\/www.studiogera.de\/001\/wp-json\/wp\/v2\/users\/2"}],"replies":[{"embeddable":true,"href":"https:\/\/www.studiogera.de\/001\/wp-json\/wp\/v2\/comments?post=41677"}],"version-history":[{"count":2,"href":"https:\/\/www.studiogera.de\/001\/wp-json\/wp\/v2\/posts\/41677\/revisions"}],"predecessor-version":[{"id":41680,"href":"https:\/\/www.studiogera.de\/001\/wp-json\/wp\/v2\/posts\/41677\/revisions\/41680"}],"wp:featuredmedia":[{"embeddable":true,"href":"https:\/\/www.studiogera.de\/001\/wp-json\/wp\/v2\/media\/41678"}],"wp:attachment":[{"href":"https:\/\/www.studiogera.de\/001\/wp-json\/wp\/v2\/media?parent=41677"}],"wp:term":[{"taxonomy":"category","embeddable":true,"href":"https:\/\/www.studiogera.de\/001\/wp-json\/wp\/v2\/categories?post=41677"},{"taxonomy":"post_tag","embeddable":true,"href":"https:\/\/www.studiogera.de\/001\/wp-json\/wp\/v2\/tags?post=41677"}],"curies":[{"name":"wp","href":"https:\/\/api.w.org\/{rel}","templated":true}]}}