{"id":41681,"date":"2026-03-08T23:36:07","date_gmt":"2026-03-08T22:36:07","guid":{"rendered":"https:\/\/www.studiogera.de\/001\/?p=41681"},"modified":"2026-03-08T23:36:09","modified_gmt":"2026-03-08T22:36:09","slug":"kinderschutz-im-oeffentlichen-raum","status":"publish","type":"post","link":"https:\/\/www.studiogera.de\/001\/2026\/03\/08\/kinderschutz-im-oeffentlichen-raum\/","title":{"rendered":"KINDERSCHUTZ IM \u00d6FFENTLICHEN RAUM"},"content":{"rendered":"\n<p>Mit einer gemeinsamen Veranstaltung setzen das Pr\u00e4ventionswerk Sabaki und der GVB ein deutliches Zeichen f\u00fcr gelebten Kinderschutz im \u00f6ffentlichen Raum. Auf dem Betriebshof kamen Vertreter aus Politik, Verwaltung, Bildung sowie aus Sicherheits-und Pr\u00e4ventionsstrukturen zusammen, um Bilanz zu ziehen und Perspektiven f\u00fcr die Weiterentwicklung der Initiative aufzuzeigen. \u201eSafepoint macht Kinderschutz im Alltag sichtbar und erreichbar\u201c, sagte Bildungsminister Christian Tischner.<\/p>\n\n\n\n<p>Insgesamt 70 Busse und Stra\u00dfenbahnfahrzeuge des GVB sind als \u201eSafepoint\u201c gekennzeichnet. Kinder, die sich im \u00f6ffentlichen Raum, ob in Fahrzeugen, an Haltestellen oder auf der Stra\u00dfe, von Erwachsenen oder Jugendlichen verfolgt, bedr\u00e4ngt oder bedroht f\u00fchlen, finden hier eine niedrigschwellige und verl\u00e4ssliche Anlaufstelle. Die Fahrer des GVB werden regelm\u00e4\u00dfig im Umgang mit Konflikt- und Gefahrensituationen geschult. In akuten F\u00e4llen ist die Polizei schnell vor Ort. Als \u201eSafepoint\u201c gekennzeichnete Anlaufstellen f\u00fcr Kinder gibt es auch an vielen anderen Orten, zum Beispiel in beteiligte Unternehmen, st\u00e4dtischen Einrichtungen wie dem Rathaus oder dem Service Generationen.<\/p>\n\n\n\n<p>Seit 2008 ist das Pr\u00e4ventionswerk Sabaki bundesweit aktiv und st\u00e4rkt Vor- und Grundschulkinder in Pr\u00e4ventionskursen in ihrer Selbstbehauptung und Handlungssicherheit. Die Kooperation mit dem GVB besteht seit 2009 und bildet einen zentralen Baustein des Schutznetzwerks Sabaki in Gera.<\/p>\n\n\n\n<p>QUELLE: STADTVERWALTUNG<\/p>\n","protected":false},"excerpt":{"rendered":"<div class=\"mh-excerpt\"><p>Mit einer gemeinsamen Veranstaltung setzen das Pr\u00e4ventionswerk Sabaki und der GVB ein deutliches Zeichen f\u00fcr gelebten Kinderschutz im \u00f6ffentlichen Raum. Auf dem Betriebshof kamen Vertreter aus Politik, Verwaltung, Bildung sowie aus Sicherheits-und Pr\u00e4ventionsstrukturen zusammen, um <a class=\"mh-excerpt-more\" href=\"https:\/\/www.studiogera.de\/001\/2026\/03\/08\/kinderschutz-im-oeffentlichen-raum\/\" title=\"KINDERSCHUTZ IM \u00d6FFENTLICHEN RAUM\">[&#8230;]<\/a><\/p>\n<\/div>","protected":false},"author":2,"featured_media":41682,"comment_status":"open","ping_status":"open","sticky":false,"template":"","format":"standard","meta":{"footnotes":""},"categories":[3],"tags":[],"class_list":{"0":"post-41681","1":"post","2":"type-post","3":"status-publish","4":"format-standard","5":"has-post-thumbnail","7":"category-lokal"},"_links":{"self":[{"href":"https:\/\/www.studiogera.de\/001\/wp-json\/wp\/v2\/posts\/41681","targetHints":{"allow":["GET"]}}],"collection":[{"href":"https:\/\/www.studiogera.de\/001\/wp-json\/wp\/v2\/posts"}],"about":[{"href":"https:\/\/www.studiogera.de\/001\/wp-json\/wp\/v2\/types\/post"}],"author":[{"embeddable":true,"href":"https:\/\/www.studiogera.de\/001\/wp-json\/wp\/v2\/users\/2"}],"replies":[{"embeddable":true,"href":"https:\/\/www.studiogera.de\/001\/wp-json\/wp\/v2\/comments?post=41681"}],"version-history":[{"count":1,"href":"https:\/\/www.studiogera.de\/001\/wp-json\/wp\/v2\/posts\/41681\/revisions"}],"predecessor-version":[{"id":41683,"href":"https:\/\/www.studiogera.de\/001\/wp-json\/wp\/v2\/posts\/41681\/revisions\/41683"}],"wp:featuredmedia":[{"embeddable":true,"href":"https:\/\/www.studiogera.de\/001\/wp-json\/wp\/v2\/media\/41682"}],"wp:attachment":[{"href":"https:\/\/www.studiogera.de\/001\/wp-json\/wp\/v2\/media?parent=41681"}],"wp:term":[{"taxonomy":"category","embeddable":true,"href":"https:\/\/www.studiogera.de\/001\/wp-json\/wp\/v2\/categories?post=41681"},{"taxonomy":"post_tag","embeddable":true,"href":"https:\/\/www.studiogera.de\/001\/wp-json\/wp\/v2\/tags?post=41681"}],"curies":[{"name":"wp","href":"https:\/\/api.w.org\/{rel}","templated":true}]}}