{"id":41688,"date":"2026-03-09T00:21:58","date_gmt":"2026-03-08T23:21:58","guid":{"rendered":"https:\/\/www.studiogera.de\/001\/?p=41688"},"modified":"2026-03-09T00:22:00","modified_gmt":"2026-03-08T23:22:00","slug":"dritter-streik-im-staedtischen-nahverkehr","status":"publish","type":"post","link":"https:\/\/www.studiogera.de\/001\/2026\/03\/09\/dritter-streik-im-staedtischen-nahverkehr\/","title":{"rendered":"DRITTER STREIK IM ST\u00c4DTISCHEN NAHVERKEHR"},"content":{"rendered":"\n<p>Ab Montag, den 9. M\u00e4rz 2026, wird der Geraer Verkehrsbetrieb drei Tage lang bestreikt. Die Vereinte Dienstleistungsgewerkschaft hat ihre Mitglieder erneut zu Arbeitsniederlegungen im Rahmen der laufenden Tarifverhandlungen aufgerufen. Betroffen sind Verkehrsunternehmen in Th\u00fcringen, die den Tarifvertrag \u201eNahverkehr\u201c anwenden. Der angek\u00fcndigte Warnstreik \u00fcber drei Werktage wird auch Auswirkungen auf den Linienverkehr des GVB haben.<\/p>\n\n\n\n<p>Nach Angaben der Gewerkschaft soll der Streik am Montag, den 9. M\u00e4rz 2026, mit Dienstbeginn um 3 Uhr beginnen und bis Donnerstag, den 12. M\u00e4rz 2026, um 4 Uhr andauern. W\u00e4hrend dieses Zeitraums ist das gesamte Liniennetz des GVB vom Streik betroffen.<\/p>\n\n\n\n<p>Der Verkehrsbetrieb versucht, w\u00e4hrend des Streikzeitraums einen eingeschr\u00e4nkten Notfahrplan einzurichten. Vorgesehen ist ein Angebot auf der Stra\u00dfenbahnlinie 3 sowie der Buslinie 17 mit jeweils zwei Fahrten pro Stunde im Zeitraum von 6 Uhr bis 18 Uhr. Aufgrund der derzeit nicht absehbaren Streikbeteiligung der Besch\u00e4ftigten kann der GVB die vollst\u00e4ndige Umsetzung des Angebotes jedoch nicht garantieren.<\/p>\n\n\n\n<p>Die Linie 3 soll gem\u00e4\u00df Notfahrplan zwischen 4 Uhr und 18 Uhr mit mindestens zwei Fahrten je Stunde und Richtung verkehren. Die Fahrzeiten k\u00f6nnen derzeit nicht im Voraus ver\u00f6ffentlicht werden. Informationen zu tats\u00e4chlich stattfindenden Fahrten sind ausschlie\u00dflich an die Dynamischen Fahrgastinformationssystemen der Haltestellen erh\u00e4ltlich. Der GVB-Kundenservice in der Heinrichstrasse 35 bleibt im gesamten Zeitraum des Streiks geschlossen.<\/p>\n\n\n\n<p>Der GVB empfiehlt seinen Fahrg\u00e4sten, sich fr\u00fchzeitig \u00fcber alternative Reisem\u00f6glichkeiten zu informieren. Nach dem Ende des Streiks kann es am Donnerstag, den 12. M\u00e4rz 2026, in den fr\u00fchen Morgenstunden noch vereinzelt zu Verz\u00f6gerungen im Linienverkehr kommen. Der GVB will den regul\u00e4ren Fahrbetrieb schnellstm\u00f6glich wieder vollst\u00e4ndig aufnehmen.<\/p>\n\n\n\n<p>QUELLE: GVB<\/p>\n","protected":false},"excerpt":{"rendered":"<div class=\"mh-excerpt\"><p>Ab Montag, den 9. M\u00e4rz 2026, wird der Geraer Verkehrsbetrieb drei Tage lang bestreikt. Die Vereinte Dienstleistungsgewerkschaft hat ihre Mitglieder erneut zu Arbeitsniederlegungen im Rahmen der laufenden Tarifverhandlungen aufgerufen. Betroffen sind Verkehrsunternehmen in Th\u00fcringen, die <a class=\"mh-excerpt-more\" href=\"https:\/\/www.studiogera.de\/001\/2026\/03\/09\/dritter-streik-im-staedtischen-nahverkehr\/\" title=\"DRITTER STREIK IM ST\u00c4DTISCHEN NAHVERKEHR\">[&#8230;]<\/a><\/p>\n<\/div>","protected":false},"author":2,"featured_media":41689,"comment_status":"open","ping_status":"open","sticky":false,"template":"","format":"standard","meta":{"footnotes":""},"categories":[3],"tags":[],"class_list":{"0":"post-41688","1":"post","2":"type-post","3":"status-publish","4":"format-standard","5":"has-post-thumbnail","7":"category-lokal"},"_links":{"self":[{"href":"https:\/\/www.studiogera.de\/001\/wp-json\/wp\/v2\/posts\/41688","targetHints":{"allow":["GET"]}}],"collection":[{"href":"https:\/\/www.studiogera.de\/001\/wp-json\/wp\/v2\/posts"}],"about":[{"href":"https:\/\/www.studiogera.de\/001\/wp-json\/wp\/v2\/types\/post"}],"author":[{"embeddable":true,"href":"https:\/\/www.studiogera.de\/001\/wp-json\/wp\/v2\/users\/2"}],"replies":[{"embeddable":true,"href":"https:\/\/www.studiogera.de\/001\/wp-json\/wp\/v2\/comments?post=41688"}],"version-history":[{"count":1,"href":"https:\/\/www.studiogera.de\/001\/wp-json\/wp\/v2\/posts\/41688\/revisions"}],"predecessor-version":[{"id":41690,"href":"https:\/\/www.studiogera.de\/001\/wp-json\/wp\/v2\/posts\/41688\/revisions\/41690"}],"wp:featuredmedia":[{"embeddable":true,"href":"https:\/\/www.studiogera.de\/001\/wp-json\/wp\/v2\/media\/41689"}],"wp:attachment":[{"href":"https:\/\/www.studiogera.de\/001\/wp-json\/wp\/v2\/media?parent=41688"}],"wp:term":[{"taxonomy":"category","embeddable":true,"href":"https:\/\/www.studiogera.de\/001\/wp-json\/wp\/v2\/categories?post=41688"},{"taxonomy":"post_tag","embeddable":true,"href":"https:\/\/www.studiogera.de\/001\/wp-json\/wp\/v2\/tags?post=41688"}],"curies":[{"name":"wp","href":"https:\/\/api.w.org\/{rel}","templated":true}]}}