{"id":41691,"date":"2026-03-09T00:42:06","date_gmt":"2026-03-08T23:42:06","guid":{"rendered":"https:\/\/www.studiogera.de\/001\/?p=41691"},"modified":"2026-03-09T00:42:08","modified_gmt":"2026-03-08T23:42:08","slug":"regelmaessig-ausverkaufte-veranstaltungen-im-comma","status":"publish","type":"post","link":"https:\/\/www.studiogera.de\/001\/2026\/03\/09\/regelmaessig-ausverkaufte-veranstaltungen-im-comma\/","title":{"rendered":"REGELM\u00c4SSIG AUSVERKAUFTE VERANSTALTUNGEN IM COMMA"},"content":{"rendered":"\n<p>Ob Konzert, Comedy, Party, Lesung oder Show \u2014 das Interesse an den Veranstaltungen im Comma w\u00e4chst kontinuierlich, und immer \u00f6fter sind die Programme noch vor dem eigentlichen Termin restlos ausverkauft. Dabei kommen die Besucher schon lange nicht mehr nur aus Gera, sondern finden ihren Weg auch aus den umliegenden Landkreisen oder sogar aus Jena, Chemnitz oder Zwickau ins Comma.<\/p>\n\n\n\n<p>Hans-Robert Scheibe, Abteilungsleiter Veranstaltungen und M\u00e4rkte, freut sich \u00fcber das wachsende Interesse und den gro\u00dfen Zuspruch, den unser Comma in den letzten Monaten erfahren hat. Das sei einerseits Beweis f\u00fcr ein besonders gl\u00fcckliches H\u00e4ndchen bei der Auswahl der Programme, als auch f\u00fcr eine stetig steigende Nachfrage nach spannenden Kulturformaten abseits der gro\u00dfen Arenen und Hallen in der Region. Die Besucherzahlen haben sich im innerhalb eines Jahres von 2024 zu 2025 auf \u00fcber 12&#8217;000 G\u00e4ste nahezu verdoppelt.<\/p>\n\n\n\n<p>Auch in den kommenden Wochen stehen weiter spannende Veranstaltungen im Kalender. Am 20. M\u00e4rz l\u00e4dt die Musikgruppe \u201eFour Imaginary Boys\u201c zu einem ganz besonderen Erlebnis ein. Deutschlands meistgebuchte The-Cure-Tribute-Band besteht aus vier Herzblutmusikern, die sich seit 2006 leidenschaftlich dem Gesamtwerk von The Cure widmen und dem Geist der legend\u00e4ren Wave-G\u00f6tter huldigen. Bereits am 14. M\u00e4rz ist Helene Bockhorst mit ihrem neuen Programm \u201eLebefrau\u201c zu sehen. Der legend\u00e4re Komiker Maddin Schneider ist dann am 12. April zu Gast, und am 21. April sind die Spejbl\u2018s Helprs mit ihrer grandiosen AC\/DC-Show auf der B\u00fchne zu erleben.<\/p>\n\n\n\n<p>Im Rahmen der J\u00fcdisch-Israelischen Kulturtage Th\u00fcringen am 21. M\u00e4rz 2026 ab 20 Uhr gastiert der ehemalige Schauspieldirektor des Theaters Altenburg Gera und Th\u00fcringer Umweltminister a. D. Bernhard Stengele mit dem Programm \u201eDie Faust selbst war eine ge\u00f6ffnete Hand\u201c im Comma \u2014 eine Hommage an den israelischen Dichter Jehuda Amichai (1924\u20132000) und seine eindringlichen Verse von Krieg, Vertreibung und Liebe. Durch zweisprachige Rezitation und Musik wird Erinnerung und Verst\u00e4ndigung zum gemeinsamen Erlebnis.<\/p>\n\n\n\n<p>Damit niemand entt\u00e4uscht wird, empfiehlt das Kulturamt, Eintrittskarten rechtzeitig im Vorverkauf zu erwerben. Diese sind in der Regel \u00fcber bekannte Plattformen wie \u201eReservix\u201c, \u201eTicketshop Th\u00fcringen\u201c sowie \u201eEventim\u201c erh\u00e4ltlich. Sollte eine Veranstaltung nicht sofort auf der bevorzugten Plattform zu finden sein, lohnt sich immer ein Blick bei weiteren bekannten Anbietern. Wer auf Nummer sicher gehen m\u00f6chte, kann seine Eintrittskarten au\u00dferdem direkt in der Gera-Information oder im Pressehaus Gera erwerben.<\/p>\n\n\n\n<p>QUELLE: STADTVERWALTUNG<\/p>\n","protected":false},"excerpt":{"rendered":"<div class=\"mh-excerpt\"><p>Ob Konzert, Comedy, Party, Lesung oder Show \u2014 das Interesse an den Veranstaltungen im Comma w\u00e4chst kontinuierlich, und immer \u00f6fter sind die Programme noch vor dem eigentlichen Termin restlos ausverkauft. Dabei kommen die Besucher schon <a class=\"mh-excerpt-more\" href=\"https:\/\/www.studiogera.de\/001\/2026\/03\/09\/regelmaessig-ausverkaufte-veranstaltungen-im-comma\/\" title=\"REGELM\u00c4SSIG AUSVERKAUFTE VERANSTALTUNGEN IM COMMA\">[&#8230;]<\/a><\/p>\n<\/div>","protected":false},"author":2,"featured_media":41692,"comment_status":"open","ping_status":"open","sticky":false,"template":"","format":"standard","meta":{"footnotes":""},"categories":[8],"tags":[],"class_list":{"0":"post-41691","1":"post","2":"type-post","3":"status-publish","4":"format-standard","5":"has-post-thumbnail","7":"category-kultur"},"_links":{"self":[{"href":"https:\/\/www.studiogera.de\/001\/wp-json\/wp\/v2\/posts\/41691","targetHints":{"allow":["GET"]}}],"collection":[{"href":"https:\/\/www.studiogera.de\/001\/wp-json\/wp\/v2\/posts"}],"about":[{"href":"https:\/\/www.studiogera.de\/001\/wp-json\/wp\/v2\/types\/post"}],"author":[{"embeddable":true,"href":"https:\/\/www.studiogera.de\/001\/wp-json\/wp\/v2\/users\/2"}],"replies":[{"embeddable":true,"href":"https:\/\/www.studiogera.de\/001\/wp-json\/wp\/v2\/comments?post=41691"}],"version-history":[{"count":1,"href":"https:\/\/www.studiogera.de\/001\/wp-json\/wp\/v2\/posts\/41691\/revisions"}],"predecessor-version":[{"id":41693,"href":"https:\/\/www.studiogera.de\/001\/wp-json\/wp\/v2\/posts\/41691\/revisions\/41693"}],"wp:featuredmedia":[{"embeddable":true,"href":"https:\/\/www.studiogera.de\/001\/wp-json\/wp\/v2\/media\/41692"}],"wp:attachment":[{"href":"https:\/\/www.studiogera.de\/001\/wp-json\/wp\/v2\/media?parent=41691"}],"wp:term":[{"taxonomy":"category","embeddable":true,"href":"https:\/\/www.studiogera.de\/001\/wp-json\/wp\/v2\/categories?post=41691"},{"taxonomy":"post_tag","embeddable":true,"href":"https:\/\/www.studiogera.de\/001\/wp-json\/wp\/v2\/tags?post=41691"}],"curies":[{"name":"wp","href":"https:\/\/api.w.org\/{rel}","templated":true}]}}