{"id":41694,"date":"2026-03-09T00:50:32","date_gmt":"2026-03-08T23:50:32","guid":{"rendered":"https:\/\/www.studiogera.de\/001\/?p=41694"},"modified":"2026-03-09T00:50:33","modified_gmt":"2026-03-08T23:50:33","slug":"neuer-kinderchor-piepmaetze-in-gera","status":"publish","type":"post","link":"https:\/\/www.studiogera.de\/001\/2026\/03\/09\/neuer-kinderchor-piepmaetze-in-gera\/","title":{"rendered":"NEUER KINDERCHOR \u201ePIEPM\u00c4TZE\u201c IN GERA"},"content":{"rendered":"\n<p>Das Theater Altenburg Gera l\u00e4dt alle Kinder ab f\u00fcnf Jahren bis 3. Klasse herzlich ein, Teil des neuen Kinderchors \u201ePiepm\u00e4tze\u201c zu werden. Der Chor bietet den jungen S\u00e4ngerinnen und S\u00e4ngern einen spielerischen Einstieg in die Welt von Musik und Theater \u2013 Singen, kleine musikalische Spiele und erste chorische \u00dcbungen stehen im Vordergrund.<\/p>\n\n\n\n<p>Die Proben finden donnerstags von 15.45 bis 16.15 Uhr im Chorsaal des Theaters Gera statt. Treffpunkt ist an den jeweiligen Tagen 15.40 am Hintereingang des Theaters (Pforte). Eltern d\u00fcrfen die ersten Proben gern begleiten, und ein spontanes Schnuppern ist jederzeit willkommen. Zwar nehmen die Piepm\u00e4tze nicht an gro\u00dfen B\u00fchnenproduktionen teil, aber kleine Auftritte bei passenden Gelegenheiten sind vorgesehen.<\/p>\n\n\n\n<p>Der Chor wird von Chordirektorin Judith Bothe pers\u00f6nlich betreut, die die Kinder liebevoll an Musik, Stimme und gemeinsames Singen heranf\u00fchrt. \u201eWir freuen uns sehr auf die kleinen S\u00e4nger&#8217;innen und m\u00f6chten ihnen mit den Piepm\u00e4tzen einen kreativen, fr\u00f6hlichen und motivierenden Start in die Welt von Theater und Musik erm\u00f6glichen\u201c, so Judith Bothe. Unter \u201ejudith.bothe@theater-altenburg-gera.de\u201c werden Fragen und Anmeldungen entgegengenommen.<\/p>\n\n\n\n<p>QUELLE: THEATER ALTENBURG GERA GGMBH<\/p>\n","protected":false},"excerpt":{"rendered":"<div class=\"mh-excerpt\"><p>Das Theater Altenburg Gera l\u00e4dt alle Kinder ab f\u00fcnf Jahren bis 3. Klasse herzlich ein, Teil des neuen Kinderchors \u201ePiepm\u00e4tze\u201c zu werden. Der Chor bietet den jungen S\u00e4ngerinnen und S\u00e4ngern einen spielerischen Einstieg in die <a class=\"mh-excerpt-more\" href=\"https:\/\/www.studiogera.de\/001\/2026\/03\/09\/neuer-kinderchor-piepmaetze-in-gera\/\" title=\"NEUER KINDERCHOR \u201ePIEPM\u00c4TZE\u201c IN GERA\">[&#8230;]<\/a><\/p>\n<\/div>","protected":false},"author":2,"featured_media":12430,"comment_status":"open","ping_status":"open","sticky":false,"template":"","format":"standard","meta":{"footnotes":""},"categories":[15],"tags":[],"class_list":{"0":"post-41694","1":"post","2":"type-post","3":"status-publish","4":"format-standard","5":"has-post-thumbnail","7":"category-theater"},"_links":{"self":[{"href":"https:\/\/www.studiogera.de\/001\/wp-json\/wp\/v2\/posts\/41694","targetHints":{"allow":["GET"]}}],"collection":[{"href":"https:\/\/www.studiogera.de\/001\/wp-json\/wp\/v2\/posts"}],"about":[{"href":"https:\/\/www.studiogera.de\/001\/wp-json\/wp\/v2\/types\/post"}],"author":[{"embeddable":true,"href":"https:\/\/www.studiogera.de\/001\/wp-json\/wp\/v2\/users\/2"}],"replies":[{"embeddable":true,"href":"https:\/\/www.studiogera.de\/001\/wp-json\/wp\/v2\/comments?post=41694"}],"version-history":[{"count":1,"href":"https:\/\/www.studiogera.de\/001\/wp-json\/wp\/v2\/posts\/41694\/revisions"}],"predecessor-version":[{"id":41695,"href":"https:\/\/www.studiogera.de\/001\/wp-json\/wp\/v2\/posts\/41694\/revisions\/41695"}],"wp:featuredmedia":[{"embeddable":true,"href":"https:\/\/www.studiogera.de\/001\/wp-json\/wp\/v2\/media\/12430"}],"wp:attachment":[{"href":"https:\/\/www.studiogera.de\/001\/wp-json\/wp\/v2\/media?parent=41694"}],"wp:term":[{"taxonomy":"category","embeddable":true,"href":"https:\/\/www.studiogera.de\/001\/wp-json\/wp\/v2\/categories?post=41694"},{"taxonomy":"post_tag","embeddable":true,"href":"https:\/\/www.studiogera.de\/001\/wp-json\/wp\/v2\/tags?post=41694"}],"curies":[{"name":"wp","href":"https:\/\/api.w.org\/{rel}","templated":true}]}}