{"id":41696,"date":"2026-03-09T00:54:06","date_gmt":"2026-03-08T23:54:06","guid":{"rendered":"https:\/\/www.studiogera.de\/001\/?p=41696"},"modified":"2026-03-09T00:54:07","modified_gmt":"2026-03-08T23:54:07","slug":"theatercafe-am-14-maerz-2026","status":"publish","type":"post","link":"https:\/\/www.studiogera.de\/001\/2026\/03\/09\/theatercafe-am-14-maerz-2026\/","title":{"rendered":"THEATERCAF\u00c9 AM 14. M\u00c4RZ 2026"},"content":{"rendered":"\n<p>Die Gesellschaft der Theater- und Konzertfreunde Gera e. V. l\u00e4dt am Sonntag, den 14. M\u00e4rz 2026, um 14.30 Uhr zum dritten Theatercaf\u00e9 der laufenden Spielzeit in die B\u00fchne am Park Gera ein. Unter dem Motto \u201eMenschen, Monster &amp; Maschinen\u201c liegt der Schwerpunkt des Nachmittags auf dem Science-Fiction-Genre, das im Spielplan des Theaters Altenburg Gera eine besondere Rolle spielt.<\/p>\n\n\n\n<p>Als Gespr\u00e4chspartner werden sich u. a. Chefdramaturgin Dr. Sophie Oldenstein sowie Kai Wefer, Ensemblemitglied des Musiktheaters, auf dem Podium pr\u00e4sentieren. Zu Beginn wird sich au\u00dferdem der neue Kaufm\u00e4nnische Gesch\u00e4ftsf\u00fchrer Mike Wittich vorstellen.<\/p>\n\n\n\n<p>Das Publikum erwartet einen unterhaltsamen und anregenden Nachmittag bei Kaffee und Kuchen, moderiert von Musiktheaterdramaturg Dr. Peter Larsen.<\/p>\n\n\n\n<p>Eintrittskarten sind ausschlie\u00dflich an der Theaterkasse Gera, B\u00fchne am Park, Theaterplatz 1, erh\u00e4ltlich. Reservierungen und weitere Informationen gibt es unter der Telefonnummer 0365 8279105.<\/p>\n\n\n\n<p>QUELLE: THEATER ALTENBURG GERA GGMBH<\/p>\n","protected":false},"excerpt":{"rendered":"<div class=\"mh-excerpt\"><p>Die Gesellschaft der Theater- und Konzertfreunde Gera e. V. l\u00e4dt am Sonntag, den 14. M\u00e4rz 2026, um 14.30 Uhr zum dritten Theatercaf\u00e9 der laufenden Spielzeit in die B\u00fchne am Park Gera ein. Unter dem Motto <a class=\"mh-excerpt-more\" href=\"https:\/\/www.studiogera.de\/001\/2026\/03\/09\/theatercafe-am-14-maerz-2026\/\" title=\"THEATERCAF\u00c9 AM 14. M\u00c4RZ 2026\">[&#8230;]<\/a><\/p>\n<\/div>","protected":false},"author":2,"featured_media":39952,"comment_status":"open","ping_status":"open","sticky":false,"template":"","format":"standard","meta":{"footnotes":""},"categories":[15],"tags":[],"class_list":{"0":"post-41696","1":"post","2":"type-post","3":"status-publish","4":"format-standard","5":"has-post-thumbnail","7":"category-theater"},"_links":{"self":[{"href":"https:\/\/www.studiogera.de\/001\/wp-json\/wp\/v2\/posts\/41696","targetHints":{"allow":["GET"]}}],"collection":[{"href":"https:\/\/www.studiogera.de\/001\/wp-json\/wp\/v2\/posts"}],"about":[{"href":"https:\/\/www.studiogera.de\/001\/wp-json\/wp\/v2\/types\/post"}],"author":[{"embeddable":true,"href":"https:\/\/www.studiogera.de\/001\/wp-json\/wp\/v2\/users\/2"}],"replies":[{"embeddable":true,"href":"https:\/\/www.studiogera.de\/001\/wp-json\/wp\/v2\/comments?post=41696"}],"version-history":[{"count":1,"href":"https:\/\/www.studiogera.de\/001\/wp-json\/wp\/v2\/posts\/41696\/revisions"}],"predecessor-version":[{"id":41697,"href":"https:\/\/www.studiogera.de\/001\/wp-json\/wp\/v2\/posts\/41696\/revisions\/41697"}],"wp:featuredmedia":[{"embeddable":true,"href":"https:\/\/www.studiogera.de\/001\/wp-json\/wp\/v2\/media\/39952"}],"wp:attachment":[{"href":"https:\/\/www.studiogera.de\/001\/wp-json\/wp\/v2\/media?parent=41696"}],"wp:term":[{"taxonomy":"category","embeddable":true,"href":"https:\/\/www.studiogera.de\/001\/wp-json\/wp\/v2\/categories?post=41696"},{"taxonomy":"post_tag","embeddable":true,"href":"https:\/\/www.studiogera.de\/001\/wp-json\/wp\/v2\/tags?post=41696"}],"curies":[{"name":"wp","href":"https:\/\/api.w.org\/{rel}","templated":true}]}}