{"id":41698,"date":"2026-03-09T01:13:57","date_gmt":"2026-03-09T00:13:57","guid":{"rendered":"https:\/\/www.studiogera.de\/001\/?p=41698"},"modified":"2026-03-09T01:13:58","modified_gmt":"2026-03-09T00:13:58","slug":"strassensperrungen-und-verkehrseinschraenkungen-5","status":"publish","type":"post","link":"https:\/\/www.studiogera.de\/001\/2026\/03\/09\/strassensperrungen-und-verkehrseinschraenkungen-5\/","title":{"rendered":"STRASSENSPERRUNGEN UND VERKEHRSEINSCHR\u00c4NKUNGEN"},"content":{"rendered":"\n<p>Die Baum- und Landschaftspflege Lorenz f\u00fchrt zur Herstellung der Verkehrssicherheit Baumf\u00e4llarbeiten entlang der Gessentalstra\u00dfe durch. Die Arbeiten beschr\u00e4nken sich auf den Bereich zwischen den Geb\u00e4uden Gessentalstra\u00dfe 2 und Reichsstra\u00dfe 101. Im Rahmen dieser Ma\u00dfnahme ist es notwendig, die Gessentalstra\u00dfe im Zeitraum vom 16. bis 20. M\u00e4rz 2026 vollst\u00e4ndig f\u00fcr den Fahrverkehr zu sperren. Die Umleitungsstrecke erfolgt in beiden Richtungen \u00fcber die Zw\u00f6tzener Stra\u00dfe, Lange Stra\u00dfe und die Lasurstra\u00dfe. Der Abzweig Stra\u00dfe der V\u00f6lkerfreundschaft\/Gessentalstra\u00dfe in Richtung Collis und Plauensche Stra\u00dfe bleibt aus Richtung Zw\u00f6tzen befahrbar.<\/p>\n\n\n\n<p>Ebenfalls wegen Geh\u00f6lzarbeiten gesperrt ist ab dem 10. M\u00e4rz 2026 der Faulenzerweg, die Zufahrt zum Osterstein \u00fcber die Schlossallee, der Aueweg, und ab 14. M\u00e4rz ein Teil der Dr.-Schomburg-Stra\u00dfe. Einen \u00dcberblick \u00fcber alle Stra\u00dfensperrungen und Verkehrseinschr\u00e4nkungen bietet die Webseite der Stadt Gera.<\/p>\n\n\n\n<p><a href=\"https:\/\/www.gera.de\/leben-in-gera\/mobilitaet-verkehr-rad\/verkehrsmeldungen-und-baustellen\">https:\/\/www.gera.de\/leben-in-gera\/mobilitaet-verkehr-rad\/verkehrsmeldungen-und-baustellen<\/a><\/p>\n\n\n\n<p>QUELLE: STADTVERWALTUNG<\/p>\n","protected":false},"excerpt":{"rendered":"<div class=\"mh-excerpt\"><p>Die Baum- und Landschaftspflege Lorenz f\u00fchrt zur Herstellung der Verkehrssicherheit Baumf\u00e4llarbeiten entlang der Gessentalstra\u00dfe durch. Die Arbeiten beschr\u00e4nken sich auf den Bereich zwischen den Geb\u00e4uden Gessentalstra\u00dfe 2 und Reichsstra\u00dfe 101. Im Rahmen dieser Ma\u00dfnahme ist <a class=\"mh-excerpt-more\" href=\"https:\/\/www.studiogera.de\/001\/2026\/03\/09\/strassensperrungen-und-verkehrseinschraenkungen-5\/\" title=\"STRASSENSPERRUNGEN UND VERKEHRSEINSCHR\u00c4NKUNGEN\">[&#8230;]<\/a><\/p>\n<\/div>","protected":false},"author":2,"featured_media":41699,"comment_status":"open","ping_status":"open","sticky":false,"template":"","format":"standard","meta":{"footnotes":""},"categories":[16],"tags":[],"class_list":{"0":"post-41698","1":"post","2":"type-post","3":"status-publish","4":"format-standard","5":"has-post-thumbnail","7":"category-kurzmitteilungen"},"_links":{"self":[{"href":"https:\/\/www.studiogera.de\/001\/wp-json\/wp\/v2\/posts\/41698","targetHints":{"allow":["GET"]}}],"collection":[{"href":"https:\/\/www.studiogera.de\/001\/wp-json\/wp\/v2\/posts"}],"about":[{"href":"https:\/\/www.studiogera.de\/001\/wp-json\/wp\/v2\/types\/post"}],"author":[{"embeddable":true,"href":"https:\/\/www.studiogera.de\/001\/wp-json\/wp\/v2\/users\/2"}],"replies":[{"embeddable":true,"href":"https:\/\/www.studiogera.de\/001\/wp-json\/wp\/v2\/comments?post=41698"}],"version-history":[{"count":1,"href":"https:\/\/www.studiogera.de\/001\/wp-json\/wp\/v2\/posts\/41698\/revisions"}],"predecessor-version":[{"id":41700,"href":"https:\/\/www.studiogera.de\/001\/wp-json\/wp\/v2\/posts\/41698\/revisions\/41700"}],"wp:featuredmedia":[{"embeddable":true,"href":"https:\/\/www.studiogera.de\/001\/wp-json\/wp\/v2\/media\/41699"}],"wp:attachment":[{"href":"https:\/\/www.studiogera.de\/001\/wp-json\/wp\/v2\/media?parent=41698"}],"wp:term":[{"taxonomy":"category","embeddable":true,"href":"https:\/\/www.studiogera.de\/001\/wp-json\/wp\/v2\/categories?post=41698"},{"taxonomy":"post_tag","embeddable":true,"href":"https:\/\/www.studiogera.de\/001\/wp-json\/wp\/v2\/tags?post=41698"}],"curies":[{"name":"wp","href":"https:\/\/api.w.org\/{rel}","templated":true}]}}