{"id":41701,"date":"2026-03-10T06:12:28","date_gmt":"2026-03-10T05:12:28","guid":{"rendered":"https:\/\/www.studiogera.de\/001\/?p=41701"},"modified":"2026-03-10T06:12:29","modified_gmt":"2026-03-10T05:12:29","slug":"traegerin-des-deutschen-tanzpreises-kommt-nach-gera","status":"publish","type":"post","link":"https:\/\/www.studiogera.de\/001\/2026\/03\/10\/traegerin-des-deutschen-tanzpreises-kommt-nach-gera\/","title":{"rendered":"TR\u00c4GERIN DES DEUTSCHEN TANZPREISES KOMMT NACH GERA"},"content":{"rendered":"\n<p>Die Theater- und Tanzwissenschaftlerin Gabriele Brandstetter wird im Mai beim \u201eInternationalen BallettFestival Gera26\u201c zu Gast sein. Die Tr\u00e4gerin des Deutschen Tanzpreises 2026 hat ihre Teilnahme an einem Forum zugesagt, das sich im Rahmen des Festivals mit der Tanzgeschichte Geras und der Zeit des t\u00e4nzerischen Aufbruchs in den 1920er Jahren besch\u00e4ftigt. Der Deutsche Tanzpreis wurde am 28. Februar im Aalto-Theater Essen verliehen.<\/p>\n\n\n\n<p>Gabriele Brandstetter nimmt am Montag, den 18. Mai 2026, um 18 Uhr an der Veranstaltung \u201eTanz und Theater zu Zeiten von Yvonne Georgi\u201c in der B\u00fchne am Park Gera teil. Gespr\u00e4chspartner sind der Kulturamtsleiter der Stadt Gera Felix Eckerle sowie der Tanzhistoriker und Publizist Ralf Stabel. Die Moderation \u00fcbernimmt der Festivalleiter Norbert J. Skowronek. Das Gespr\u00e4ch widmet sich der Entwicklung von Tanz und Theater in der Zeit der Weimarer Republik sowie der Rolle Geraer Tanzgeschichte im Kontext der deutschen Moderne.<\/p>\n\n\n\n<p>Gabriele Brandstetter gilt als eine der pr\u00e4genden Stimmen der internationalen Tanzwissenschaft. Sie lehrte viele Jahre als Professorin f\u00fcr Theater- und Tanzwissenschaft an der Freien Universit\u00e4t Berlin und hat mit zahlreichen Publikationen zur Theorie, Geschichte und \u00c4sthetik des Tanzes beigetragen.<\/p>\n\n\n\n<p>Das Internationale BallettFestival Gera26 findet vom 8. bis 21. Mai in Gera statt. Unter dem Motto \u201e100 Jahre t\u00e4nzerischer Aufbruch in Gera\u201c erinnert das Festival an die Spielzeit 1925\/1926, in der die T\u00e4nzerin und Choreografin Yvonne Georgi erstmals eine Tanzgruppe am damaligen Reu\u00dfischen Theater leitete. Die aus Leipzig stammende Georgi, eine Sch\u00fclerin der Ausdruckst\u00e4nzerin Mary Wigman, setzte in Gera wichtige Impulse f\u00fcr die Verbindung von Ausdrucks- und B\u00fchnentanz und pr\u00e4gte damit die Entwicklung des Tanzes am Haus.<\/p>\n\n\n\n<p>Zu den eingeladenen Compagnien z\u00e4hlen das Aalto Ballett Essen, das Boston Dance Theater, das Bundesjugendballett John Neumeier sowie Sasha Waltz &amp; Guests. Gastgeber ist das Th\u00fcringer Staatsballett unter der Leitung von Ballettdirektor Vitaliy Petrov.<\/p>\n\n\n\n<p>Das Th\u00fcringer Staatsballett er\u00f6ffnet das Festival mit der Premiere des Ballettklassikers \u201eRomeo und Julia\u201c. Dar\u00fcber hinaus stehen der Doppelabend \u201eJeu de Cartes\/Pulcinella\u201c sowie eine Rekonstruktion von Georgis Choreografie \u201eGl\u00fcck, Tod und Traum\u201c aus dem Jahr 1954 auf dem Programm. Erg\u00e4nzt wird das Festival durch Konzerte des Philharmonischen Orchesters Altenburg Gera, Filmvorf\u00fchrungen, Workshops, Gespr\u00e4chsformate und eine Ausstellung in der Orangerie Gera mit dem Titel \u201eBravo Gera! \u2013 Ausstellung zu 100 Jahre t\u00e4nzerischem Aufbruch in Gera\u201c.<\/p>\n\n\n\n<p>Die Veranstaltungen finden im Theater Gera sowie an weiteren Orten der Stadt Gera statt. Weitere Informationen zum Festivalprogramm sind unter \u201ewww.theater-altenburg-gera.de\u201c zu finden.<\/p>\n\n\n\n<p>QUELLE: THEATER ALTENBURG GERA GGMBH<\/p>\n","protected":false},"excerpt":{"rendered":"<div class=\"mh-excerpt\"><p>Die Theater- und Tanzwissenschaftlerin Gabriele Brandstetter wird im Mai beim \u201eInternationalen BallettFestival Gera26\u201c zu Gast sein. Die Tr\u00e4gerin des Deutschen Tanzpreises 2026 hat ihre Teilnahme an einem Forum zugesagt, das sich im Rahmen des Festivals <a class=\"mh-excerpt-more\" href=\"https:\/\/www.studiogera.de\/001\/2026\/03\/10\/traegerin-des-deutschen-tanzpreises-kommt-nach-gera\/\" title=\"TR\u00c4GERIN DES DEUTSCHEN TANZPREISES KOMMT NACH GERA\">[&#8230;]<\/a><\/p>\n<\/div>","protected":false},"author":2,"featured_media":41702,"comment_status":"open","ping_status":"open","sticky":false,"template":"","format":"standard","meta":{"footnotes":""},"categories":[15],"tags":[],"class_list":{"0":"post-41701","1":"post","2":"type-post","3":"status-publish","4":"format-standard","5":"has-post-thumbnail","7":"category-theater"},"_links":{"self":[{"href":"https:\/\/www.studiogera.de\/001\/wp-json\/wp\/v2\/posts\/41701","targetHints":{"allow":["GET"]}}],"collection":[{"href":"https:\/\/www.studiogera.de\/001\/wp-json\/wp\/v2\/posts"}],"about":[{"href":"https:\/\/www.studiogera.de\/001\/wp-json\/wp\/v2\/types\/post"}],"author":[{"embeddable":true,"href":"https:\/\/www.studiogera.de\/001\/wp-json\/wp\/v2\/users\/2"}],"replies":[{"embeddable":true,"href":"https:\/\/www.studiogera.de\/001\/wp-json\/wp\/v2\/comments?post=41701"}],"version-history":[{"count":1,"href":"https:\/\/www.studiogera.de\/001\/wp-json\/wp\/v2\/posts\/41701\/revisions"}],"predecessor-version":[{"id":41703,"href":"https:\/\/www.studiogera.de\/001\/wp-json\/wp\/v2\/posts\/41701\/revisions\/41703"}],"wp:featuredmedia":[{"embeddable":true,"href":"https:\/\/www.studiogera.de\/001\/wp-json\/wp\/v2\/media\/41702"}],"wp:attachment":[{"href":"https:\/\/www.studiogera.de\/001\/wp-json\/wp\/v2\/media?parent=41701"}],"wp:term":[{"taxonomy":"category","embeddable":true,"href":"https:\/\/www.studiogera.de\/001\/wp-json\/wp\/v2\/categories?post=41701"},{"taxonomy":"post_tag","embeddable":true,"href":"https:\/\/www.studiogera.de\/001\/wp-json\/wp\/v2\/tags?post=41701"}],"curies":[{"name":"wp","href":"https:\/\/api.w.org\/{rel}","templated":true}]}}