{"id":41704,"date":"2026-03-10T06:20:07","date_gmt":"2026-03-10T05:20:07","guid":{"rendered":"https:\/\/www.studiogera.de\/001\/?p=41704"},"modified":"2026-03-11T15:00:45","modified_gmt":"2026-03-11T14:00:45","slug":"geras-ballettgeschichte-hautnah-erleben","status":"publish","type":"post","link":"https:\/\/www.studiogera.de\/001\/2026\/03\/10\/geras-ballettgeschichte-hautnah-erleben\/","title":{"rendered":"GERAS BALLETTGESCHICHTE HAUTNAH ERLEBEN"},"content":{"rendered":"\n<p>Wenn sich im Mai beim \u201eInternationalen BallettFestival Gera26\u201c internationale Compagnien und Tanzbegeisterte in Gera treffen, blickt die Stadt zugleich auf eine au\u00dfergew\u00f6hnliche Tanztradition zur\u00fcck. Unter dem Motto \u201e100 Jahre t\u00e4nzerischer Aufbruch in Gera\u201c erinnert das Festival vom 8. bis 21. Mai an jene Spielzeit, in der die T\u00e4nzerin und Choreografin Yvonne Georgi erstmals eine Tanzgruppe am damaligen Reu\u00dfischen Theater leitete und damit den Grundstein f\u00fcr die Tanzsparte am Haus legte.<\/p>\n\n\n\n<p>Um schon im Vorfeld auf das Festival einzustimmen, laden das Theater Altenburg Gera und der Verein G\u00e4stef\u00fchrer Region Gera e. V. zu zwei besonderen F\u00fchrungen durch die Geraer Theater- und Ballettgeschichte ein. Die Rundg\u00e4nge finden am 12. M\u00e4rz sowie am 28. April 2026, jeweils um 11 Uhr, statt.<\/p>\n\n\n\n<p>Ausgangspunkt ist der Johannisplatz vor dem Eingang des Gymnasiums Rutheneum. Von dort aus begeben sich die Teilnehmerinnen und Teilnehmer auf eine Zeitreise durch die Geschichte des Tanzes in Gera \u2013 von den revolution\u00e4ren Anf\u00e4ngen in den 1920er Jahren bis zur Entwicklung des Th\u00fcringer Staatsballetts.<\/p>\n\n\n\n<p>Ein besonderes Highlight erwartet die G\u00e4ste am Ende der F\u00fchrung im Theater Gera: Im Gro\u00dfen Haus k\u00f6nnen sie ein \u00f6ffentliches Balletttraining des Th\u00fcringer Staatsballetts besuchen und den T\u00e4nzerinnen und T\u00e4nzern bei ihrer t\u00e4glichen Arbeit ganz nah kommen.<\/p>\n\n\n\n<p>Die F\u00fchrungen richten sich an alle Interessierten ab sieben Jahren. Die Teilnahme kostet neun Euro pro Person. Treffpunkt ist der Johannisplatz in Gera, vor dem Eingang des Rutheneums. Eintrittskarten sind \u00fcber die Website der Geraer G\u00e4stef\u00fchrer unter \u201e<a href=\"https:\/\/www.gaestefuehrung-gera.de\/ticketreservierung\">https:\/\/www.gaestefuehrung-gera.de\/ticketreservierung<\/a>\u201c erh\u00e4ltlich.<\/p>\n\n\n\n<p>QUELLE: THEATER ALTENBURG GERA GGMBH<\/p>\n\n\n\n<p><\/p>\n","protected":false},"excerpt":{"rendered":"<div class=\"mh-excerpt\"><p>Wenn sich im Mai beim \u201eInternationalen BallettFestival Gera26\u201c internationale Compagnien und Tanzbegeisterte in Gera treffen, blickt die Stadt zugleich auf eine au\u00dfergew\u00f6hnliche Tanztradition zur\u00fcck. Unter dem Motto \u201e100 Jahre t\u00e4nzerischer Aufbruch in Gera\u201c erinnert das <a class=\"mh-excerpt-more\" href=\"https:\/\/www.studiogera.de\/001\/2026\/03\/10\/geras-ballettgeschichte-hautnah-erleben\/\" title=\"GERAS BALLETTGESCHICHTE HAUTNAH ERLEBEN\">[&#8230;]<\/a><\/p>\n<\/div>","protected":false},"author":2,"featured_media":41705,"comment_status":"open","ping_status":"open","sticky":false,"template":"","format":"standard","meta":{"footnotes":""},"categories":[15],"tags":[],"class_list":{"0":"post-41704","1":"post","2":"type-post","3":"status-publish","4":"format-standard","5":"has-post-thumbnail","7":"category-theater"},"_links":{"self":[{"href":"https:\/\/www.studiogera.de\/001\/wp-json\/wp\/v2\/posts\/41704","targetHints":{"allow":["GET"]}}],"collection":[{"href":"https:\/\/www.studiogera.de\/001\/wp-json\/wp\/v2\/posts"}],"about":[{"href":"https:\/\/www.studiogera.de\/001\/wp-json\/wp\/v2\/types\/post"}],"author":[{"embeddable":true,"href":"https:\/\/www.studiogera.de\/001\/wp-json\/wp\/v2\/users\/2"}],"replies":[{"embeddable":true,"href":"https:\/\/www.studiogera.de\/001\/wp-json\/wp\/v2\/comments?post=41704"}],"version-history":[{"count":3,"href":"https:\/\/www.studiogera.de\/001\/wp-json\/wp\/v2\/posts\/41704\/revisions"}],"predecessor-version":[{"id":41750,"href":"https:\/\/www.studiogera.de\/001\/wp-json\/wp\/v2\/posts\/41704\/revisions\/41750"}],"wp:featuredmedia":[{"embeddable":true,"href":"https:\/\/www.studiogera.de\/001\/wp-json\/wp\/v2\/media\/41705"}],"wp:attachment":[{"href":"https:\/\/www.studiogera.de\/001\/wp-json\/wp\/v2\/media?parent=41704"}],"wp:term":[{"taxonomy":"category","embeddable":true,"href":"https:\/\/www.studiogera.de\/001\/wp-json\/wp\/v2\/categories?post=41704"},{"taxonomy":"post_tag","embeddable":true,"href":"https:\/\/www.studiogera.de\/001\/wp-json\/wp\/v2\/tags?post=41704"}],"curies":[{"name":"wp","href":"https:\/\/api.w.org\/{rel}","templated":true}]}}