{"id":41712,"date":"2026-03-10T08:14:07","date_gmt":"2026-03-10T07:14:07","guid":{"rendered":"https:\/\/www.studiogera.de\/001\/?p=41712"},"modified":"2026-03-10T08:15:09","modified_gmt":"2026-03-10T07:15:09","slug":"ostereiertage-in-bibliothek-und-stadtmuseum-3","status":"publish","type":"post","link":"https:\/\/www.studiogera.de\/001\/2026\/03\/10\/ostereiertage-in-bibliothek-und-stadtmuseum-3\/","title":{"rendered":"OSTEREIERTAGE IN BIBLIOTHEK UND STADTMUSEUM"},"content":{"rendered":"\n<p>Erneut pr\u00e4sentiert der Freundeskreis Geraer Ostereiertage vom 14. M\u00e4rz bis 3. Mai 2026 im Stadtmuseum Gera kunstvoll gestaltete Ostereier in einer Studioausstellung. Parallel dazu finden in der Bibliothek am 13. und 14. M\u00e4rz 2026 die Ostereier-Markttage statt.<\/p>\n\n\n\n<p>In der Studioausstellung im Stadtmuseum sind verschiedene Gestaltungsm\u00f6glichkeiten zu sehen. Neben sorbischer Wachsbossiertechnik finden sich Tuschezeichnungen, Acrylmalereien und Perforationstechniken auf H\u00fchner-, Nandu- und Strau\u00dfeneiern. Die traditionellen sorbischen Techniken werden in begleitenden Ausstellungstexten anschaulich dokumentiert. Neu in der diesj\u00e4hrigen Ausstellung sind Ostereier in ukrainischer Technik und edle Eier im Diamond-Painting-Stil. Erg\u00e4nzt wird die Ausstellung mit Zeichnungen von Heinz Dathe zum Thema \u201eCartoons mit Ei\u201c.<\/p>\n\n\n\n<p>Markttage und Ausstellung feiern in diesem Jahr bereits ihr 20-j\u00e4hriges Jubil\u00e4um. Begonnen hatte das Format im Turmhaus des Botanischen Gartens und zog dann f\u00fcr viele Jahre in das Museum f\u00fcr Naturkunde um. Nach einem Zwischenspiel im Rathaussaal sind seit 2023 der Markt in der Bibliothek und die Ausstellung im Stadtmuseum beheimatet.<\/p>\n\n\n\n<p>Zur Er\u00f6ffnung der Studioausstellung im Stadtmuseum am 13. M\u00e4rz um 18 Uhr sind alle Interessenten herzlich eingeladen.<\/p>\n\n\n\n<p>Zum Ostereiermarkt in der Bibliothek am 13. und 14. M\u00e4rz zeigen die Teilnehmer verschiedene Gestaltungstechniken \u2014 von traditioneller sorbischer Wachsbossiertechnik, Tuschezeichnung, Acrylmalerei bis zur Perforation \u2014 und zaubern aus H\u00fchner-, Nandu- und Strau\u00dfeneiern filigrane Kunstwerke. Die Motive reichen dabei von traditionellen Mustern \u00fcber tierische Motive bis hin zu Beschriftung und Eiern mit Collagen. Die Besucher k\u00f6nnen auf zwei Etagen kunstvoll verzierte Ostereier und \u00f6sterliche Dekorationen bestaunen und k\u00e4uflich erwerben, aber auch selbst Eier gestalten. Zum 20. Jubil\u00e4um wird es au\u00dferdem ein kleines Gewinnspiel geben, bei dem ein Osterei gewonnen werden kann. Der Bibliotheksf\u00f6rderverein sorgt an beiden Markttagen mit Kaffee und Kuchen f\u00fcr das leibliche Wohl der G\u00e4ste.<\/p>\n\n\n\n<p>Marktzeiten sind am Freitag, den 13. M\u00e4rz, von 13 bis 17.30 Uhr und am Samstag, dem 14. M\u00e4rz, von 10 bis 17 Uhr. Selbstverst\u00e4ndlich sind am Samstag auch alle anderen Bereiche der Bibliothek bis 17 Uhr nutzbar \u2014 eine gute Gelegenheit, das vielf\u00e4ltige Angebot der Einrichtung ausgiebiger zu nutzen oder neu zu entdecken.<\/p>\n\n\n\n<p>Der Eintritt zu den Ostereiermarkttagen in der Bibliothek ist frei.<\/p>\n\n\n\n<p><strong>Mitmachangebote am Freitag<\/strong><\/p>\n\n\n\n<ul class=\"wp-block-list\">\n<li>Markt: Eier bemalen und perforieren (bohren), Stoffhasen ausstopfen<\/li>\n\n\n\n<li>Kinderbibliothek: Ostereierrallye<\/li>\n<\/ul>\n\n\n\n<p><strong>Mitmachangebote am Samstag<\/strong><\/p>\n\n\n\n<ul class=\"wp-block-list\">\n<li>Markt: Eier bemalen, perforieren, Patchwork-Eier<\/li>\n\n\n\n<li>Kinderbibliothek: Ostereierrallye, Osterbasteln f\u00fcr Kinder<\/li>\n<\/ul>\n\n\n\n<p>Gezeigt werden Ostereier in ganz verschiedenen Techniken, von traditionellen sorbischen Techniken \u00fcber Eier verziert mit Tuschezeichnung und -beschriftung bis hin zur meisterlichen Perforation. Neu in der diesj\u00e4hrigen Ausstellung sind Ostereier in ukrainischer Technik und edle Eier im Diamond-Painting-Stil. Die traditionellen sorbischen Techniken werden in begleitenden Ausstellungstexten anschaulich dokumentiert. Erg\u00e4nzt wird die Ausstellung durch filigrane Bilder aus Eierschalen von Dietlinde Seidlitz und mit Zeichnungen von Heinz Dathe zum Thema \u201eCartoons mit Ei\u201c.<\/p>\n\n\n\n<p>Die Ausstellung wird am 13. M\u00e4rz 2026 um 18 Uhr er\u00f6ffnet und kann dann bis 3. Mai von Dienstag bis Sonntag sowie an Feiertagen jeweils von 11 bis 17 Uhr besichtigt werden.<\/p>\n\n\n\n<p>F\u00fcr alle, die die traditionelle sorbische Wachsbossiertechnik selbst ausprobieren m\u00f6chten, gibt es am 17. M\u00e4rz um 15 Uhr im Stadtmuseum einen Mitmachkursus. Anmeldung unter werden \u00fcber \u201estadtmuseum@gera.de\u201c oder telefonisch unter der Rufnummer +493658381470 entgegengenommen.<\/p>\n\n\n\n<p>Weitere Kurse finden in der Bibliothek am Puschkinplatz statt:<\/p>\n\n\n\n<ul class=\"wp-block-list\">\n<li>am 24. M\u00e4rz 2026, 16 Uhr bis 18 Uhr, Handlettering aufs Osterei<\/li>\n\n\n\n<li>am 31. M\u00e4rz 2026, 16 Uhr bis 18 Uhr, Papercraft Fr\u00fchlingsblumen<\/li>\n<\/ul>\n\n\n\n<p>Anmeldung hierzu werden \u00fcber \u201ebibliothek@gera.de\u201c oder telefonisch unter der Rufnummer +493658383378 entgegengenommen.<\/p>\n\n\n\n<p>Die Geraer Ostereiertage wurden vor 20 Jahren im Turmhaus des Botanischen Gartens ins Leben gerufen. Mit stetig wachsendem Interesse entwickelte sich auch die Veranstaltung weiter: \u00dcber viele Jahre waren Ostereierausstellung und Ostereiermarkt im Museum f\u00fcr Naturkunde beheimatet, wobei der Markt im historischen Barocksaal stattfand. Nach dessen Sperrung zog der inzwischen deutlich gewachsene Ostereiermarkt in den Rathaussaal um. Im Jahr 2023 fanden die Geraer Ostereiertage schlie\u00dflich eine neue Heimat \u2014 mit der Ausstellung im Stadtmuseum und dem Markt in der Bibliothek. Heute blicken die Geraer Ostereiertage auf eine erfolgreiche Geschichte zur\u00fcck mit insgesamt \u00fcber 80 teilnehmenden Ausstellern im Laufe der Jahre.<\/p>\n\n\n\n<p>QUELLE: STADTVERWALTUNG<\/p>\n","protected":false},"excerpt":{"rendered":"<div class=\"mh-excerpt\"><p>Erneut pr\u00e4sentiert der Freundeskreis Geraer Ostereiertage vom 14. M\u00e4rz bis 3. Mai 2026 im Stadtmuseum Gera kunstvoll gestaltete Ostereier in einer Studioausstellung. Parallel dazu finden in der Bibliothek am 13. und 14. M\u00e4rz 2026 die <a class=\"mh-excerpt-more\" href=\"https:\/\/www.studiogera.de\/001\/2026\/03\/10\/ostereiertage-in-bibliothek-und-stadtmuseum-3\/\" title=\"OSTEREIERTAGE IN BIBLIOTHEK UND STADTMUSEUM\">[&#8230;]<\/a><\/p>\n<\/div>","protected":false},"author":2,"featured_media":41713,"comment_status":"open","ping_status":"open","sticky":false,"template":"","format":"standard","meta":{"footnotes":""},"categories":[8],"tags":[],"class_list":{"0":"post-41712","1":"post","2":"type-post","3":"status-publish","4":"format-standard","5":"has-post-thumbnail","7":"category-kultur"},"_links":{"self":[{"href":"https:\/\/www.studiogera.de\/001\/wp-json\/wp\/v2\/posts\/41712","targetHints":{"allow":["GET"]}}],"collection":[{"href":"https:\/\/www.studiogera.de\/001\/wp-json\/wp\/v2\/posts"}],"about":[{"href":"https:\/\/www.studiogera.de\/001\/wp-json\/wp\/v2\/types\/post"}],"author":[{"embeddable":true,"href":"https:\/\/www.studiogera.de\/001\/wp-json\/wp\/v2\/users\/2"}],"replies":[{"embeddable":true,"href":"https:\/\/www.studiogera.de\/001\/wp-json\/wp\/v2\/comments?post=41712"}],"version-history":[{"count":2,"href":"https:\/\/www.studiogera.de\/001\/wp-json\/wp\/v2\/posts\/41712\/revisions"}],"predecessor-version":[{"id":41721,"href":"https:\/\/www.studiogera.de\/001\/wp-json\/wp\/v2\/posts\/41712\/revisions\/41721"}],"wp:featuredmedia":[{"embeddable":true,"href":"https:\/\/www.studiogera.de\/001\/wp-json\/wp\/v2\/media\/41713"}],"wp:attachment":[{"href":"https:\/\/www.studiogera.de\/001\/wp-json\/wp\/v2\/media?parent=41712"}],"wp:term":[{"taxonomy":"category","embeddable":true,"href":"https:\/\/www.studiogera.de\/001\/wp-json\/wp\/v2\/categories?post=41712"},{"taxonomy":"post_tag","embeddable":true,"href":"https:\/\/www.studiogera.de\/001\/wp-json\/wp\/v2\/tags?post=41712"}],"curies":[{"name":"wp","href":"https:\/\/api.w.org\/{rel}","templated":true}]}}