{"id":41718,"date":"2026-03-10T08:13:51","date_gmt":"2026-03-10T07:13:51","guid":{"rendered":"https:\/\/www.studiogera.de\/001\/?p=41718"},"modified":"2026-03-10T08:13:52","modified_gmt":"2026-03-10T07:13:52","slug":"fledermausabend-im-museum-fuer-naturkunde","status":"publish","type":"post","link":"https:\/\/www.studiogera.de\/001\/2026\/03\/10\/fledermausabend-im-museum-fuer-naturkunde\/","title":{"rendered":"FLEDERMAUSABEND IM MUSEUM F\u00dcR NATURKUNDE"},"content":{"rendered":"\n<p>Bei einem Informationsabend am 18. M\u00e4rz 2026 gibt das Museum f\u00fcr Naturkunde um 18 Uhr die M\u00f6glichkeit, heimische Fledermausarten n\u00e4her kennenzulernen. Flederm\u00e4use geh\u00f6ren zu den heimlichsten und zugleich faszinierendsten Bewohnern unserer mitteleurop\u00e4ischen Lebensr\u00e4ume. Auch in Ostth\u00fcringen sind zahlreiche Arten zu Hause, wenngleich man viele von ihnen oft nur fl\u00fcchtig zu Gesicht bekommt. Neben Einblicken in die lokale Verbreitung von Fledermausarten in und um Gera sowie deren Lebensst\u00e4tten d\u00fcrfen sich G\u00e4ste auf den Film \u201eFlederm\u00e4use \u2013 Warte bis es dunkel wird\u201c des bekannten Tierfilmers Dietmar Nill freuen.<\/p>\n\n\n\n<p>QUELLE: KULTURAMT<\/p>\n","protected":false},"excerpt":{"rendered":"<div class=\"mh-excerpt\"><p>Bei einem Informationsabend am 18. M\u00e4rz 2026 gibt das Museum f\u00fcr Naturkunde um 18 Uhr die M\u00f6glichkeit, heimische Fledermausarten n\u00e4her kennenzulernen. Flederm\u00e4use geh\u00f6ren zu den heimlichsten und zugleich faszinierendsten Bewohnern unserer mitteleurop\u00e4ischen Lebensr\u00e4ume. Auch in <a class=\"mh-excerpt-more\" href=\"https:\/\/www.studiogera.de\/001\/2026\/03\/10\/fledermausabend-im-museum-fuer-naturkunde\/\" title=\"FLEDERMAUSABEND IM MUSEUM F\u00dcR NATURKUNDE\">[&#8230;]<\/a><\/p>\n<\/div>","protected":false},"author":2,"featured_media":41719,"comment_status":"open","ping_status":"open","sticky":false,"template":"","format":"standard","meta":{"footnotes":""},"categories":[8],"tags":[],"class_list":{"0":"post-41718","1":"post","2":"type-post","3":"status-publish","4":"format-standard","5":"has-post-thumbnail","7":"category-kultur"},"_links":{"self":[{"href":"https:\/\/www.studiogera.de\/001\/wp-json\/wp\/v2\/posts\/41718","targetHints":{"allow":["GET"]}}],"collection":[{"href":"https:\/\/www.studiogera.de\/001\/wp-json\/wp\/v2\/posts"}],"about":[{"href":"https:\/\/www.studiogera.de\/001\/wp-json\/wp\/v2\/types\/post"}],"author":[{"embeddable":true,"href":"https:\/\/www.studiogera.de\/001\/wp-json\/wp\/v2\/users\/2"}],"replies":[{"embeddable":true,"href":"https:\/\/www.studiogera.de\/001\/wp-json\/wp\/v2\/comments?post=41718"}],"version-history":[{"count":1,"href":"https:\/\/www.studiogera.de\/001\/wp-json\/wp\/v2\/posts\/41718\/revisions"}],"predecessor-version":[{"id":41720,"href":"https:\/\/www.studiogera.de\/001\/wp-json\/wp\/v2\/posts\/41718\/revisions\/41720"}],"wp:featuredmedia":[{"embeddable":true,"href":"https:\/\/www.studiogera.de\/001\/wp-json\/wp\/v2\/media\/41719"}],"wp:attachment":[{"href":"https:\/\/www.studiogera.de\/001\/wp-json\/wp\/v2\/media?parent=41718"}],"wp:term":[{"taxonomy":"category","embeddable":true,"href":"https:\/\/www.studiogera.de\/001\/wp-json\/wp\/v2\/categories?post=41718"},{"taxonomy":"post_tag","embeddable":true,"href":"https:\/\/www.studiogera.de\/001\/wp-json\/wp\/v2\/tags?post=41718"}],"curies":[{"name":"wp","href":"https:\/\/api.w.org\/{rel}","templated":true}]}}