{"id":41729,"date":"2026-03-10T08:23:41","date_gmt":"2026-03-10T07:23:41","guid":{"rendered":"https:\/\/www.studiogera.de\/001\/?p=41729"},"modified":"2026-03-10T08:24:27","modified_gmt":"2026-03-10T07:24:27","slug":"pkw-durch-steinwuerfe-beschaedigt","status":"publish","type":"post","link":"https:\/\/www.studiogera.de\/001\/2026\/03\/10\/pkw-durch-steinwuerfe-beschaedigt\/","title":{"rendered":"PKW DURCH STEINW\u00dcRFE BESCH\u00c4DIGT"},"content":{"rendered":"\n<p>Unbekannte besch\u00e4digten zwischen dem 7. und 9. M\u00e4rz 2026 den PKW eines 77-J\u00e4hrigen in der Karl-Matthes-Stra\u00dfe. Nach bisherigen Erkenntnissen warfen die T\u00e4ter Steine gegen das abgestellte Fahrzeug. Dabei wurde das Fahrzeug besch\u00e4digt. Ein Sachschaden konnte derzeit noch nicht beziffert werden. Die Polizei hat ein entsprechendes Ermittlungsverfahren eingeleitet und bittet Zeugen, die sachdienliche Angaben machen k\u00f6nnen, sich unter der Rufnummer +493658290 zum Fall 0059472\/2026 zu melden.<\/p>\n","protected":false},"excerpt":{"rendered":"<div class=\"mh-excerpt\"><p>Unbekannte besch\u00e4digten zwischen dem 7. und 9. M\u00e4rz 2026 den PKW eines 77-J\u00e4hrigen in der Karl-Matthes-Stra\u00dfe. Nach bisherigen Erkenntnissen warfen die T\u00e4ter Steine gegen das abgestellte Fahrzeug. Dabei wurde das Fahrzeug besch\u00e4digt. Ein Sachschaden konnte <a class=\"mh-excerpt-more\" href=\"https:\/\/www.studiogera.de\/001\/2026\/03\/10\/pkw-durch-steinwuerfe-beschaedigt\/\" title=\"PKW DURCH STEINW\u00dcRFE BESCH\u00c4DIGT\">[&#8230;]<\/a><\/p>\n<\/div>","protected":false},"author":2,"featured_media":33258,"comment_status":"open","ping_status":"open","sticky":false,"template":"","format":"standard","meta":{"footnotes":""},"categories":[13],"tags":[],"class_list":{"0":"post-41729","1":"post","2":"type-post","3":"status-publish","4":"format-standard","5":"has-post-thumbnail","7":"category-polizeiberichte"},"_links":{"self":[{"href":"https:\/\/www.studiogera.de\/001\/wp-json\/wp\/v2\/posts\/41729","targetHints":{"allow":["GET"]}}],"collection":[{"href":"https:\/\/www.studiogera.de\/001\/wp-json\/wp\/v2\/posts"}],"about":[{"href":"https:\/\/www.studiogera.de\/001\/wp-json\/wp\/v2\/types\/post"}],"author":[{"embeddable":true,"href":"https:\/\/www.studiogera.de\/001\/wp-json\/wp\/v2\/users\/2"}],"replies":[{"embeddable":true,"href":"https:\/\/www.studiogera.de\/001\/wp-json\/wp\/v2\/comments?post=41729"}],"version-history":[{"count":2,"href":"https:\/\/www.studiogera.de\/001\/wp-json\/wp\/v2\/posts\/41729\/revisions"}],"predecessor-version":[{"id":41732,"href":"https:\/\/www.studiogera.de\/001\/wp-json\/wp\/v2\/posts\/41729\/revisions\/41732"}],"wp:featuredmedia":[{"embeddable":true,"href":"https:\/\/www.studiogera.de\/001\/wp-json\/wp\/v2\/media\/33258"}],"wp:attachment":[{"href":"https:\/\/www.studiogera.de\/001\/wp-json\/wp\/v2\/media?parent=41729"}],"wp:term":[{"taxonomy":"category","embeddable":true,"href":"https:\/\/www.studiogera.de\/001\/wp-json\/wp\/v2\/categories?post=41729"},{"taxonomy":"post_tag","embeddable":true,"href":"https:\/\/www.studiogera.de\/001\/wp-json\/wp\/v2\/tags?post=41729"}],"curies":[{"name":"wp","href":"https:\/\/api.w.org\/{rel}","templated":true}]}}