{"id":41733,"date":"2026-03-10T08:26:25","date_gmt":"2026-03-10T07:26:25","guid":{"rendered":"https:\/\/www.studiogera.de\/001\/?p=41733"},"modified":"2026-03-10T08:26:26","modified_gmt":"2026-03-10T07:26:26","slug":"sachbeschaedigung-im-hofwiesenpark-3","status":"publish","type":"post","link":"https:\/\/www.studiogera.de\/001\/2026\/03\/10\/sachbeschaedigung-im-hofwiesenpark-3\/","title":{"rendered":"SACHBESCH\u00c4DIGUNG IM HOFWIESENPARK"},"content":{"rendered":"\n<p>Unbekannte besch\u00e4digten zwischen Sonntag, den 8. M\u00e4rz, und Montag, den 9. M\u00e4rz 2026, eine Fensterscheibe im Bereich der gro\u00dfen B\u00fchne im Hofwiesenpark. Nach ersten Erkenntnissen k\u00f6nnte ein bislang unbekannter Sprengk\u00f6rper f\u00fcr die Besch\u00e4digung verantwortlich sein. Die Polizei hat ein entsprechendes Ermittlungsverfahren eingeleitet und bittet Zeugen, die sachdienliche Angaben machen k\u00f6nnen, sich unter der Rufnummer +493658290 zum Fall 0059913\/2026 zu melden.<\/p>\n","protected":false},"excerpt":{"rendered":"<div class=\"mh-excerpt\"><p>Unbekannte besch\u00e4digten zwischen Sonntag, den 8. M\u00e4rz, und Montag, den 9. M\u00e4rz 2026, eine Fensterscheibe im Bereich der gro\u00dfen B\u00fchne im Hofwiesenpark. Nach ersten Erkenntnissen k\u00f6nnte ein bislang unbekannter Sprengk\u00f6rper f\u00fcr die Besch\u00e4digung verantwortlich sein. <a class=\"mh-excerpt-more\" href=\"https:\/\/www.studiogera.de\/001\/2026\/03\/10\/sachbeschaedigung-im-hofwiesenpark-3\/\" title=\"SACHBESCH\u00c4DIGUNG IM HOFWIESENPARK\">[&#8230;]<\/a><\/p>\n<\/div>","protected":false},"author":2,"featured_media":9352,"comment_status":"open","ping_status":"open","sticky":false,"template":"","format":"standard","meta":{"footnotes":""},"categories":[13],"tags":[],"class_list":{"0":"post-41733","1":"post","2":"type-post","3":"status-publish","4":"format-standard","5":"has-post-thumbnail","7":"category-polizeiberichte"},"_links":{"self":[{"href":"https:\/\/www.studiogera.de\/001\/wp-json\/wp\/v2\/posts\/41733","targetHints":{"allow":["GET"]}}],"collection":[{"href":"https:\/\/www.studiogera.de\/001\/wp-json\/wp\/v2\/posts"}],"about":[{"href":"https:\/\/www.studiogera.de\/001\/wp-json\/wp\/v2\/types\/post"}],"author":[{"embeddable":true,"href":"https:\/\/www.studiogera.de\/001\/wp-json\/wp\/v2\/users\/2"}],"replies":[{"embeddable":true,"href":"https:\/\/www.studiogera.de\/001\/wp-json\/wp\/v2\/comments?post=41733"}],"version-history":[{"count":1,"href":"https:\/\/www.studiogera.de\/001\/wp-json\/wp\/v2\/posts\/41733\/revisions"}],"predecessor-version":[{"id":41734,"href":"https:\/\/www.studiogera.de\/001\/wp-json\/wp\/v2\/posts\/41733\/revisions\/41734"}],"wp:featuredmedia":[{"embeddable":true,"href":"https:\/\/www.studiogera.de\/001\/wp-json\/wp\/v2\/media\/9352"}],"wp:attachment":[{"href":"https:\/\/www.studiogera.de\/001\/wp-json\/wp\/v2\/media?parent=41733"}],"wp:term":[{"taxonomy":"category","embeddable":true,"href":"https:\/\/www.studiogera.de\/001\/wp-json\/wp\/v2\/categories?post=41733"},{"taxonomy":"post_tag","embeddable":true,"href":"https:\/\/www.studiogera.de\/001\/wp-json\/wp\/v2\/tags?post=41733"}],"curies":[{"name":"wp","href":"https:\/\/api.w.org\/{rel}","templated":true}]}}