{"id":41793,"date":"2026-03-14T11:26:33","date_gmt":"2026-03-14T10:26:33","guid":{"rendered":"https:\/\/www.studiogera.de\/001\/?p=41793"},"modified":"2026-03-14T11:26:34","modified_gmt":"2026-03-14T10:26:34","slug":"auseinandersetzung-in-der-heinrichstrasse-9","status":"publish","type":"post","link":"https:\/\/www.studiogera.de\/001\/2026\/03\/14\/auseinandersetzung-in-der-heinrichstrasse-9\/","title":{"rendered":"AUSEINANDERSETZUNG IN DER HEINRICHSTRASSE"},"content":{"rendered":"\n<p>Am Donnerstagnachmittag, den 12. M\u00e4rz 2026, kam es gegen 16.55 Uhr in der Heinrichstra\u00dfe zu einer k\u00f6rperlichen Auseinandersetzung. Ein bislang unbekannter Mann packte einen Jugendlichen am Arm und stie\u00df ihn fort. Der 16-j\u00e4hrige Gesch\u00e4digte erlitt hierbei leichte Schmerzen. Eine medizinische Behandlung war nicht erforderlich. Anschlie\u00dfend fl\u00fcchtete der T\u00e4ter unerkannt. Die Polizei hat Ermittlungen im Fall 0063632\/2026 aufgenommen.<\/p>\n","protected":false},"excerpt":{"rendered":"<div class=\"mh-excerpt\"><p>Am Donnerstagnachmittag, den 12. M\u00e4rz 2026, kam es gegen 16.55 Uhr in der Heinrichstra\u00dfe zu einer k\u00f6rperlichen Auseinandersetzung. Ein bislang unbekannter Mann packte einen Jugendlichen am Arm und stie\u00df ihn fort. Der 16-j\u00e4hrige Gesch\u00e4digte erlitt <a class=\"mh-excerpt-more\" href=\"https:\/\/www.studiogera.de\/001\/2026\/03\/14\/auseinandersetzung-in-der-heinrichstrasse-9\/\" title=\"AUSEINANDERSETZUNG IN DER HEINRICHSTRASSE\">[&#8230;]<\/a><\/p>\n<\/div>","protected":false},"author":3,"featured_media":15695,"comment_status":"open","ping_status":"open","sticky":false,"template":"","format":"standard","meta":{"footnotes":""},"categories":[13],"tags":[],"class_list":{"0":"post-41793","1":"post","2":"type-post","3":"status-publish","4":"format-standard","5":"has-post-thumbnail","7":"category-polizeiberichte"},"_links":{"self":[{"href":"https:\/\/www.studiogera.de\/001\/wp-json\/wp\/v2\/posts\/41793","targetHints":{"allow":["GET"]}}],"collection":[{"href":"https:\/\/www.studiogera.de\/001\/wp-json\/wp\/v2\/posts"}],"about":[{"href":"https:\/\/www.studiogera.de\/001\/wp-json\/wp\/v2\/types\/post"}],"author":[{"embeddable":true,"href":"https:\/\/www.studiogera.de\/001\/wp-json\/wp\/v2\/users\/3"}],"replies":[{"embeddable":true,"href":"https:\/\/www.studiogera.de\/001\/wp-json\/wp\/v2\/comments?post=41793"}],"version-history":[{"count":1,"href":"https:\/\/www.studiogera.de\/001\/wp-json\/wp\/v2\/posts\/41793\/revisions"}],"predecessor-version":[{"id":41794,"href":"https:\/\/www.studiogera.de\/001\/wp-json\/wp\/v2\/posts\/41793\/revisions\/41794"}],"wp:featuredmedia":[{"embeddable":true,"href":"https:\/\/www.studiogera.de\/001\/wp-json\/wp\/v2\/media\/15695"}],"wp:attachment":[{"href":"https:\/\/www.studiogera.de\/001\/wp-json\/wp\/v2\/media?parent=41793"}],"wp:term":[{"taxonomy":"category","embeddable":true,"href":"https:\/\/www.studiogera.de\/001\/wp-json\/wp\/v2\/categories?post=41793"},{"taxonomy":"post_tag","embeddable":true,"href":"https:\/\/www.studiogera.de\/001\/wp-json\/wp\/v2\/tags?post=41793"}],"curies":[{"name":"wp","href":"https:\/\/api.w.org\/{rel}","templated":true}]}}