{"id":41799,"date":"2026-03-15T00:10:00","date_gmt":"2026-03-14T23:10:00","guid":{"rendered":"https:\/\/www.studiogera.de\/001\/?p=41799"},"modified":"2026-03-14T22:04:13","modified_gmt":"2026-03-14T21:04:13","slug":"veranstaltungen-am-sonntag-121","status":"publish","type":"post","link":"https:\/\/www.studiogera.de\/001\/2026\/03\/15\/veranstaltungen-am-sonntag-121\/","title":{"rendered":"VERANSTALTUNGEN AM SONNTAG"},"content":{"rendered":"\n<p>Intershop, Delikat, Jugendweihe, Wehrlager \u2013 die Sonderausstellung im Stadtmuseum \u201eDas waren die 80er!\u201c zeigt die sch\u00f6nen und weniger sch\u00f6nen Seiten des Lebens in den 1980er Jahren. Mit Gera als Etappenort der Friedensfahrt, der Partnerschaft Gera-N\u00fcrnberg als Zeichen der politischen Entspannung in der zweiten H\u00e4lfte des Jahrzehnts, dem Hochwasser 1981 oder den kulturellen und politischen Gro\u00dfveranstaltungen auf dem Zentralen Platz werden auch immer wieder Bez\u00fcge zu Gera hergestellt. \u00d6ffentliche F\u00fchrungen durch die Ausstellung werden im M\u00e4rz an jeden Sonntag um 14 Uhr im Stadtmuseum angeboten.<\/p>\n\n\n\n<p>Um 14 Uhr beginnt eine \u00f6ffentliche F\u00fchrung durch die H\u00f6hler. Sie dauert etwa 45 Minuten und kostet sechs bzw. vier Euro pro Person. Die Teilnahme ist auf maximal 20 Personen begrenzt. Die F\u00fchrungen richten sich vor allem an Individualbesucher; Gruppen k\u00f6nnen mit bis zu zehn Personen teilnehmen.<\/p>\n\n\n\n<p>Auf dem Lidl-Parkplatz in der Bethovenstra\u00dfe treffen sich um 14 Uhr die Teilnehmer der anderthalbst\u00fcndigen F\u00fchrung durch Heinrichsgr\u00fcn.<\/p>\n\n\n\n<p>\u201eAlter sch\u00fctzt vor Chaos nicht \u2013 Wer nimmt Opa?\u201c hei\u00dft das neue Kabarettst\u00fcck mit Eva-Maria Fastenau und Michael Seeboth. Aufgef\u00fchrt wird es von 14 Uhr bis 16.15 Uhr im Rathauskeller.<\/p>\n\n\n\n<p>Die zweite M\u00e4nnermannschaft der Ballsportgemeinschaft Wismut spielt ab 14 Uhr im Stadion am Steg gegen die Fu\u00dfballer des Vereines f\u00fcr Leibes\u00fcbungen 1990 Gera.<\/p>\n","protected":false},"excerpt":{"rendered":"<div class=\"mh-excerpt\"><p>Intershop, Delikat, Jugendweihe, Wehrlager \u2013 die Sonderausstellung im Stadtmuseum \u201eDas waren die 80er!\u201c zeigt die sch\u00f6nen und weniger sch\u00f6nen Seiten des Lebens in den 1980er Jahren. Mit Gera als Etappenort der Friedensfahrt, der Partnerschaft Gera-N\u00fcrnberg <a class=\"mh-excerpt-more\" href=\"https:\/\/www.studiogera.de\/001\/2026\/03\/15\/veranstaltungen-am-sonntag-121\/\" title=\"VERANSTALTUNGEN AM SONNTAG\">[&#8230;]<\/a><\/p>\n<\/div>","protected":false},"author":2,"featured_media":41152,"comment_status":"open","ping_status":"open","sticky":false,"template":"","format":"standard","meta":{"footnotes":""},"categories":[16],"tags":[],"class_list":{"0":"post-41799","1":"post","2":"type-post","3":"status-publish","4":"format-standard","5":"has-post-thumbnail","7":"category-kurzmitteilungen"},"_links":{"self":[{"href":"https:\/\/www.studiogera.de\/001\/wp-json\/wp\/v2\/posts\/41799","targetHints":{"allow":["GET"]}}],"collection":[{"href":"https:\/\/www.studiogera.de\/001\/wp-json\/wp\/v2\/posts"}],"about":[{"href":"https:\/\/www.studiogera.de\/001\/wp-json\/wp\/v2\/types\/post"}],"author":[{"embeddable":true,"href":"https:\/\/www.studiogera.de\/001\/wp-json\/wp\/v2\/users\/2"}],"replies":[{"embeddable":true,"href":"https:\/\/www.studiogera.de\/001\/wp-json\/wp\/v2\/comments?post=41799"}],"version-history":[{"count":2,"href":"https:\/\/www.studiogera.de\/001\/wp-json\/wp\/v2\/posts\/41799\/revisions"}],"predecessor-version":[{"id":41801,"href":"https:\/\/www.studiogera.de\/001\/wp-json\/wp\/v2\/posts\/41799\/revisions\/41801"}],"wp:featuredmedia":[{"embeddable":true,"href":"https:\/\/www.studiogera.de\/001\/wp-json\/wp\/v2\/media\/41152"}],"wp:attachment":[{"href":"https:\/\/www.studiogera.de\/001\/wp-json\/wp\/v2\/media?parent=41799"}],"wp:term":[{"taxonomy":"category","embeddable":true,"href":"https:\/\/www.studiogera.de\/001\/wp-json\/wp\/v2\/categories?post=41799"},{"taxonomy":"post_tag","embeddable":true,"href":"https:\/\/www.studiogera.de\/001\/wp-json\/wp\/v2\/tags?post=41799"}],"curies":[{"name":"wp","href":"https:\/\/api.w.org\/{rel}","templated":true}]}}