{"id":41802,"date":"2026-03-16T07:52:32","date_gmt":"2026-03-16T06:52:32","guid":{"rendered":"https:\/\/www.studiogera.de\/001\/?p=41802"},"modified":"2026-03-16T07:53:06","modified_gmt":"2026-03-16T06:53:06","slug":"meldungen-des-staedtischen-verkehrsbetriebes","status":"publish","type":"post","link":"https:\/\/www.studiogera.de\/001\/2026\/03\/16\/meldungen-des-staedtischen-verkehrsbetriebes\/","title":{"rendered":"MELDUNGEN DES ST\u00c4DTISCHEN VERKEHRSBETRIEBES"},"content":{"rendered":"\n<p>Aufgrund der Erneuerung der Kaimberger Stra\u00dfe vom Kaimberger Freibad bis zur Ortsdurchfahrtsgrenze Gera kommt es vom 23. M\u00e4rz bis voraussichtlich 13. Juni 2026 zu \u00c4nderungen auf der KOM-Linie 18. Vom 23. M\u00e4rz bis 6. April verkehrt die Linie 18 nahezu unver\u00e4ndert. Vom 7. April bis Ende der Bauma\u00dfnahme verkehrt die Linie 18 zwischen Zw\u00f6tzen und Kauern \u00fcber den Roten Weg und Kaimberg. Die Haltestellen Kuchenholz und Abzweig Lengefeld werden nur in einzelnen Zeitlagen bedient.<\/p>\n\n\n\n<p>Aufgrund von Bauarbeiten in der Nicolaistra\u00dfe kommt es seit Montag, den 9. M\u00e4rz 2026, zu \u00c4nderungen im Linienverkehr der KOM-Linien 10, 11, 17, 19 und 26. Diese werden umgeleitet von der Heinrichstra\u00dfe \u00fcber die Breitscheidstra\u00dfe, De-Smit-Stra\u00dfe, Clara-Zetkin-Stra\u00dfe, Gagarinstra\u00dfe und Ziegelberg zur Haltestelle Bauvereinstra\u00dfe. Aufgrund der ver\u00e4nderten Streckenf\u00fchrung kann es zu Versp\u00e4tungen kommen. Die Haltestellen Stadtgraben und Schillerstra\u00dfe k\u00f6nnen w\u00e4hrend der Bauarbeiten nicht bedient werden. Als Alternative stehen die Haltestelle Sorge\/Markt (Ersatz f\u00fcr Schillerstra\u00dfe und Stadtgraben) sowie die Linie 25 (Ersatz f\u00fcr Stadtgraben) zur Verf\u00fcgung. Fahrg\u00e4sten mit Fahrtziel Reu\u00df-Park, Gewerbepark Bieblach-Ost oder Thr\u00e4nitz wird empfohlen, ab der Haltestelle Stadtgraben zun\u00e4chst bis zur Heinrichstra\u00dfe zu fahren und dort in die entsprechenden Linien umzusteigen. Alle Fahrten in Richtung Heinrichstra\u00dfe verkehren planm\u00e4\u00dfig. In der Nicolaistra\u00dfe werden Stromkabel verlegt. Die Bauarbeitenb anden am 24. April 2026.<\/p>\n","protected":false},"excerpt":{"rendered":"<div class=\"mh-excerpt\"><p>Aufgrund der Erneuerung der Kaimberger Stra\u00dfe vom Kaimberger Freibad bis zur Ortsdurchfahrtsgrenze Gera kommt es vom 23. M\u00e4rz bis voraussichtlich 13. Juni 2026 zu \u00c4nderungen auf der KOM-Linie 18. Vom 23. M\u00e4rz bis 6. April <a class=\"mh-excerpt-more\" href=\"https:\/\/www.studiogera.de\/001\/2026\/03\/16\/meldungen-des-staedtischen-verkehrsbetriebes\/\" title=\"MELDUNGEN DES ST\u00c4DTISCHEN VERKEHRSBETRIEBES\">[&#8230;]<\/a><\/p>\n<\/div>","protected":false},"author":2,"featured_media":41803,"comment_status":"open","ping_status":"open","sticky":false,"template":"","format":"standard","meta":{"footnotes":""},"categories":[16],"tags":[],"class_list":{"0":"post-41802","1":"post","2":"type-post","3":"status-publish","4":"format-standard","5":"has-post-thumbnail","7":"category-kurzmitteilungen"},"_links":{"self":[{"href":"https:\/\/www.studiogera.de\/001\/wp-json\/wp\/v2\/posts\/41802","targetHints":{"allow":["GET"]}}],"collection":[{"href":"https:\/\/www.studiogera.de\/001\/wp-json\/wp\/v2\/posts"}],"about":[{"href":"https:\/\/www.studiogera.de\/001\/wp-json\/wp\/v2\/types\/post"}],"author":[{"embeddable":true,"href":"https:\/\/www.studiogera.de\/001\/wp-json\/wp\/v2\/users\/2"}],"replies":[{"embeddable":true,"href":"https:\/\/www.studiogera.de\/001\/wp-json\/wp\/v2\/comments?post=41802"}],"version-history":[{"count":2,"href":"https:\/\/www.studiogera.de\/001\/wp-json\/wp\/v2\/posts\/41802\/revisions"}],"predecessor-version":[{"id":41805,"href":"https:\/\/www.studiogera.de\/001\/wp-json\/wp\/v2\/posts\/41802\/revisions\/41805"}],"wp:featuredmedia":[{"embeddable":true,"href":"https:\/\/www.studiogera.de\/001\/wp-json\/wp\/v2\/media\/41803"}],"wp:attachment":[{"href":"https:\/\/www.studiogera.de\/001\/wp-json\/wp\/v2\/media?parent=41802"}],"wp:term":[{"taxonomy":"category","embeddable":true,"href":"https:\/\/www.studiogera.de\/001\/wp-json\/wp\/v2\/categories?post=41802"},{"taxonomy":"post_tag","embeddable":true,"href":"https:\/\/www.studiogera.de\/001\/wp-json\/wp\/v2\/tags?post=41802"}],"curies":[{"name":"wp","href":"https:\/\/api.w.org\/{rel}","templated":true}]}}