{"id":41812,"date":"2026-03-16T10:33:09","date_gmt":"2026-03-16T09:33:09","guid":{"rendered":"https:\/\/www.studiogera.de\/001\/?p=41812"},"modified":"2026-03-16T10:33:10","modified_gmt":"2026-03-16T09:33:10","slug":"reparaturarbeiten-an-der-debschwitzer-bruecke","status":"publish","type":"post","link":"https:\/\/www.studiogera.de\/001\/2026\/03\/16\/reparaturarbeiten-an-der-debschwitzer-bruecke\/","title":{"rendered":"REPARATURARBEITEN AN DER DEBSCHWITZER BR\u00dcCKE"},"content":{"rendered":"\n<p>Das Tiefbauamt der Stadt Gera teilt mit, dass in den Osterferien umfangreiche Reparaturarbeiten an der Fahrbahn\u00fcbergangskonstruktion am \u00f6stlichen Widerlager der Debschwitzer Br\u00fccke durchgef\u00fchrt werden.<\/p>\n\n\n\n<p>Folgende Arbeiten sind vorgesehen:<\/p>\n\n\n\n<ul class=\"wp-block-list\">\n<li>Abfr\u00e4sen der Asphaltschicht vor und auf der Br\u00fccke<\/li>\n\n\n\n<li>Freilegen der Fahrbahn\u00fcbergangskonstruktion am unterstromigen \u00f6stlichen Br\u00fcckenende<\/li>\n\n\n\n<li>Betoninstandsetzung des Br\u00fccken\u00fcberbaus am unterstromigen \u00f6stlichen Br\u00fcckenende<\/li>\n\n\n\n<li>Schwei\u00dfarbeiten an der Fahrbahn\u00fcbergangskonstruktion<\/li>\n\n\n\n<li>Erneuerung der Befestigung der Fahrbahn\u00fcbergangskonstruktion auf dem Br\u00fccken\u00fcberbau<\/li>\n\n\n\n<li>Einbau einer Asphalttrag- und Asphaltdeckschicht<\/li>\n<\/ul>\n\n\n\n<p>Die Bauarbeten beginnen am 7. April 2026 und werden voraussichtlich bis zum 17. April 2026 andauern. Zur Durchf\u00fchrung der Arbeiten ist die Stra\u00dfe Elsterdamm, Richtungsfahrbahn S\u00fcd nach Lusan\/Greiz, vollst\u00e4ndig gesperrt. Die Auffahrt vom Elsterdamm durch das Omega zur Ochsenbr\u00fccke bleibt jedoch befahrbar. Auf dem Stadtring S\u00fcd-Ost von der Ochsenbr\u00fccke in Richtung Lusan\/Greiz kann der Verkehr in H\u00f6he der Debschwitzer Br\u00fccke aufgrund der Arbeiten nur einspurig gef\u00fchrt werden. Eine weitr\u00e4umige Umleitung ist eingerichtet und ausgeschildert, um den Verkehrsfluss in Fahrtrichtung Greiz sicherzustellen.<\/p>\n\n\n\n<p>QUELLE: STADTVERWALTUNG<\/p>\n","protected":false},"excerpt":{"rendered":"<div class=\"mh-excerpt\"><p>Das Tiefbauamt der Stadt Gera teilt mit, dass in den Osterferien umfangreiche Reparaturarbeiten an der Fahrbahn\u00fcbergangskonstruktion am \u00f6stlichen Widerlager der Debschwitzer Br\u00fccke durchgef\u00fchrt werden. Folgende Arbeiten sind vorgesehen: Die Bauarbeten beginnen am 7. April 2026 <a class=\"mh-excerpt-more\" href=\"https:\/\/www.studiogera.de\/001\/2026\/03\/16\/reparaturarbeiten-an-der-debschwitzer-bruecke\/\" title=\"REPARATURARBEITEN AN DER DEBSCHWITZER BR\u00dcCKE\">[&#8230;]<\/a><\/p>\n<\/div>","protected":false},"author":2,"featured_media":41814,"comment_status":"open","ping_status":"open","sticky":false,"template":"","format":"standard","meta":{"footnotes":""},"categories":[3],"tags":[],"class_list":{"0":"post-41812","1":"post","2":"type-post","3":"status-publish","4":"format-standard","5":"has-post-thumbnail","7":"category-lokal"},"_links":{"self":[{"href":"https:\/\/www.studiogera.de\/001\/wp-json\/wp\/v2\/posts\/41812","targetHints":{"allow":["GET"]}}],"collection":[{"href":"https:\/\/www.studiogera.de\/001\/wp-json\/wp\/v2\/posts"}],"about":[{"href":"https:\/\/www.studiogera.de\/001\/wp-json\/wp\/v2\/types\/post"}],"author":[{"embeddable":true,"href":"https:\/\/www.studiogera.de\/001\/wp-json\/wp\/v2\/users\/2"}],"replies":[{"embeddable":true,"href":"https:\/\/www.studiogera.de\/001\/wp-json\/wp\/v2\/comments?post=41812"}],"version-history":[{"count":1,"href":"https:\/\/www.studiogera.de\/001\/wp-json\/wp\/v2\/posts\/41812\/revisions"}],"predecessor-version":[{"id":41813,"href":"https:\/\/www.studiogera.de\/001\/wp-json\/wp\/v2\/posts\/41812\/revisions\/41813"}],"wp:featuredmedia":[{"embeddable":true,"href":"https:\/\/www.studiogera.de\/001\/wp-json\/wp\/v2\/media\/41814"}],"wp:attachment":[{"href":"https:\/\/www.studiogera.de\/001\/wp-json\/wp\/v2\/media?parent=41812"}],"wp:term":[{"taxonomy":"category","embeddable":true,"href":"https:\/\/www.studiogera.de\/001\/wp-json\/wp\/v2\/categories?post=41812"},{"taxonomy":"post_tag","embeddable":true,"href":"https:\/\/www.studiogera.de\/001\/wp-json\/wp\/v2\/tags?post=41812"}],"curies":[{"name":"wp","href":"https:\/\/api.w.org\/{rel}","templated":true}]}}