{"id":41815,"date":"2026-03-16T10:50:16","date_gmt":"2026-03-16T09:50:16","guid":{"rendered":"https:\/\/www.studiogera.de\/001\/?p=41815"},"modified":"2026-03-16T10:50:18","modified_gmt":"2026-03-16T09:50:18","slug":"gera-in-bewegten-zeiten","status":"publish","type":"post","link":"https:\/\/www.studiogera.de\/001\/2026\/03\/16\/gera-in-bewegten-zeiten\/","title":{"rendered":"GERA IN BEWEGTEN ZEITEN"},"content":{"rendered":"\n<p>In seinem Bildvortrag am Mittwoch, den 18. M\u00e4rz 2026, um 18 Uhr, in der Geraer Bibliothek beleuchtet der Autor und Fotograf Frank R\u00fcdiger eher unbekannte Fakten und Ereignisse aus der Geschichte Geras. Das Spektrum reicht dabei von der Politik, \u00fcber die Wirtschaft und Kultur bis hin zum Alltag der Menschen in der ostth\u00fcringischen Stadt. Vorgestellt werden Begebenheiten und Personen in einem Zeitraum beginnend im 18. bis hinein ins 20. Jahrhundert.<\/p>\n\n\n\n<p>So berichtet Frank R\u00fcdiger \u00fcber die Gr\u00fcndung des Arbeiterturnerbundes Deutschland 1893 in Gera, \u00fcber j\u00fcdische Mitb\u00fcrger wie Aenne Biermann und Max Fr\u00e4nkel und nat\u00fcrlich \u00fcber Otto Dix, dessen Kunst die Nationalsozialisten als entartet einstuften und aus den Museen holten. Weniger bekannt ist vielleicht, dass Gera auch einen Bauhausk\u00fcnstler beherbergte, Kurt Schmidt, der seine Ausbildung an der internationalen Kunstschule in Weimar erhielt. Bekannt hingegen d\u00fcrfte sein, dass auch das Bauhaus 1933 von den Nationalsozialisten geschlossen wurde. In diesen, wie auch weiteren Ereignissen und Schicksalen zeigt sich deutlich, wie stark die zeitgeschichtlichen Umst\u00e4nde das Leben der Menschen beeinflussen. So waren gewiss nicht alle Gerschen begeistert, als die ersten Autos durch die Stra\u00dfen fuhren. Wann das war, erz\u00e4hlt Frank R\u00fcdiger ebenso, wie von den ersten Briefk\u00e4sten und vom Begr\u00fcnder der Textilindustrie in Gera, welcher den Grundstein legte f\u00fcr einen prosperierenden Industriezweig, der die Stadt lange Zeit pr\u00e4gte. Dar\u00fcber hinaus bringt Frank R\u00fcdiger seine Zuh\u00f6rer gewiss zum Staunen, wenn er Antworten auf folgende Fragen pr\u00e4sentiert: Welcher geb\u00fcrtige Geraer erhielt den Pulitzer-Preis? Welche Handelsschule in Gera besa\u00df eine internationale Ausstrahlung? Welche Beziehung hatte Gera zum Wild-West-Helden Buffalo Bill? Welcher Geraer Handelsherr und B\u00fcrgermeister schrieb eine Albrecht-D\u00fcrer-Biografie? und Ist Charlie Chaplin tats\u00e4chlich im Residenztheater aufgetreten?<\/p>\n\n\n\n<p>Der Vortrag zeigt, die Stadt Gera \u00fcberrascht mit Geschichten, die es weiter zu schreiben gilt. Der Eintritt ist frei. Die Veranstaltung wird gef\u00f6rdert durch die Stiftung Orte der Deutschen Demokratiegeschichte. Sie findet statt im Rahmen von \u201eGera \u2014 zusammen verbunden: Forum Weltoffene Stadtgesellschaft\u201c\u00a0zum ersten bundesweiten\u00a0Tag der Demokratiegeschichte.<\/p>\n\n\n\n<p>QUELLE: STADTVERWALTUNG<\/p>\n","protected":false},"excerpt":{"rendered":"<div class=\"mh-excerpt\"><p>In seinem Bildvortrag am Mittwoch, den 18. M\u00e4rz 2026, um 18 Uhr, in der Geraer Bibliothek beleuchtet der Autor und Fotograf Frank R\u00fcdiger eher unbekannte Fakten und Ereignisse aus der Geschichte Geras. Das Spektrum reicht <a class=\"mh-excerpt-more\" href=\"https:\/\/www.studiogera.de\/001\/2026\/03\/16\/gera-in-bewegten-zeiten\/\" title=\"GERA IN BEWEGTEN ZEITEN\">[&#8230;]<\/a><\/p>\n<\/div>","protected":false},"author":2,"featured_media":41816,"comment_status":"open","ping_status":"open","sticky":false,"template":"","format":"standard","meta":{"footnotes":""},"categories":[7],"tags":[],"class_list":{"0":"post-41815","1":"post","2":"type-post","3":"status-publish","4":"format-standard","5":"has-post-thumbnail","7":"category-regionalkunde"},"_links":{"self":[{"href":"https:\/\/www.studiogera.de\/001\/wp-json\/wp\/v2\/posts\/41815","targetHints":{"allow":["GET"]}}],"collection":[{"href":"https:\/\/www.studiogera.de\/001\/wp-json\/wp\/v2\/posts"}],"about":[{"href":"https:\/\/www.studiogera.de\/001\/wp-json\/wp\/v2\/types\/post"}],"author":[{"embeddable":true,"href":"https:\/\/www.studiogera.de\/001\/wp-json\/wp\/v2\/users\/2"}],"replies":[{"embeddable":true,"href":"https:\/\/www.studiogera.de\/001\/wp-json\/wp\/v2\/comments?post=41815"}],"version-history":[{"count":1,"href":"https:\/\/www.studiogera.de\/001\/wp-json\/wp\/v2\/posts\/41815\/revisions"}],"predecessor-version":[{"id":41817,"href":"https:\/\/www.studiogera.de\/001\/wp-json\/wp\/v2\/posts\/41815\/revisions\/41817"}],"wp:featuredmedia":[{"embeddable":true,"href":"https:\/\/www.studiogera.de\/001\/wp-json\/wp\/v2\/media\/41816"}],"wp:attachment":[{"href":"https:\/\/www.studiogera.de\/001\/wp-json\/wp\/v2\/media?parent=41815"}],"wp:term":[{"taxonomy":"category","embeddable":true,"href":"https:\/\/www.studiogera.de\/001\/wp-json\/wp\/v2\/categories?post=41815"},{"taxonomy":"post_tag","embeddable":true,"href":"https:\/\/www.studiogera.de\/001\/wp-json\/wp\/v2\/tags?post=41815"}],"curies":[{"name":"wp","href":"https:\/\/api.w.org\/{rel}","templated":true}]}}