{"id":41818,"date":"2026-03-16T11:40:46","date_gmt":"2026-03-16T10:40:46","guid":{"rendered":"https:\/\/www.studiogera.de\/001\/?p=41818"},"modified":"2026-03-16T11:40:47","modified_gmt":"2026-03-16T10:40:47","slug":"fruehjahrsputz-vom-21-bis-28-maerz-2026","status":"publish","type":"post","link":"https:\/\/www.studiogera.de\/001\/2026\/03\/16\/fruehjahrsputz-vom-21-bis-28-maerz-2026\/","title":{"rendered":"FR\u00dcHJAHRSPUTZ VOM 21. BIS 28. M\u00c4RZ 2026"},"content":{"rendered":"\n<p>Unter dem Motto \u201eMeine Hand f\u00fcr meine Stadt\u201c findet seit mehr als zwanzig Jahren immer Anfang April der Fr\u00fchjahrsputz statt. Dank des gro\u00dfen Engagements der B\u00fcrger, wurde die Stadt durch diese Aktion ein St\u00fcck lebenswerter.<\/p>\n\n\n\n<p>Nachdem bereits im Vorfeld erste Informationen f\u00fcr den anstehenden Fr\u00fchjahrsputz ausgegeben wurden, laden nun die Stadtverwaltung, die Otegau Arbeitsf\u00f6rder- und Berufsbildungszentrum GmbH Ostth\u00fcringen\/Gera, der Verein \u201eJa \u2013 f\u00fcr Gera e. V.\u201c, das Stadtteilb\u00fcro Bieblach, das Citymanagement, das Quartiersb\u00fcro Park der Jugend, der Abfallwirtschaftszweckverband Ostth\u00fcringen sowie die Veolia Umweltservice Ost GmbH alle B\u00fcrger, Schulen, Unternehmen, Vereine und jeden Einzelnen ein, sich aktiv zu beteiligen.<\/p>\n\n\n\n<p>Der 24. Fr\u00fchjahrsputz beginnt symbolisch am 21. M\u00e4rz 2026 um 9 Uhr vor dem Kultur- und Kongresszentrum bzw. an den jeweiligen Einsatzorten mit dem Ziel das Stadtzentrum, innenstadtnahe Bereiche, wichtige Ein- und Ausfahrtsstra\u00dfen und entlang der Elster auf Park- und Gr\u00fcnfl\u00e4chen von Unrat und unansehnlichen Stellen zu befreien. Die sich anschlie\u00dfende Woche gibt weiteren Mitwirkenden und Interessierten die M\u00f6glichkeit, sich am Fr\u00fchjahrputz zu beteiligen. Am 28. M\u00e4rz 2026 endet der Fr\u00fchjahrsputz mit dem \u201e9. Elsterglanz\u201c, der j\u00e4hrlichen S\u00e4uberungsaktion der Wei\u00dfen Elster und der unmittelbaren Uferbereiche in Organisation des Umweltvereins Gr\u00fcnes Haus Gera. Jeder wird gebeten, im eigenen Wohnumfeld t\u00e4tig zu werden. Ob Streum\u00fcll auflesen, kehren oder einen Blumenkasten bepflanzen \u2013 jede helfende Hand ist willkommen.<\/p>\n\n\n\n<p>Die Initiatoren werden gebeten, die Stadtverwaltung dar\u00fcber zu informieren, an welchen Standorten sie t\u00e4tig werden wollen. Kostenlose Abfalls\u00e4cke werden ab dem 16. M\u00e4rz 2026 im Eingangsbereich des Rathauses (Pforte), im Kooperationszentrum (Markt 6), im Stadtteilb\u00fcro Bieblach und nach Absprache zur Verf\u00fcgung gestellt.<\/p>\n\n\n\n<p>Dar\u00fcber hinaus wird auch in diesem Jahr der Wettbewerb um den \u201eGoldenen Besen\u201c ausgetragen. Dazu einfach bis zum 10. April 2026 ein aussagekr\u00e4ftiges Bild von der pers\u00f6nlichen Fr\u00fchjahrsputzaktion mit kurzer Wortbeschreibung per E-Mail an \u201efruehjahrsputz@otegau.de\u201c senden. Eine Jury pr\u00e4miert das originellste aller eingegangenen Bilder mit einem Sachpreis. Da das Bild f\u00fcr \u00f6ffentliche Zwecke weiterverwendet wird, ist ein Fotonachweis (Bildinhaber, abgebildete Personen) f\u00fcr die Bildrechte erforderlich.<\/p>\n\n\n\n<p>QUELLE: STADTVERWALTUNG<\/p>\n","protected":false},"excerpt":{"rendered":"<div class=\"mh-excerpt\"><p>Unter dem Motto \u201eMeine Hand f\u00fcr meine Stadt\u201c findet seit mehr als zwanzig Jahren immer Anfang April der Fr\u00fchjahrsputz statt. Dank des gro\u00dfen Engagements der B\u00fcrger, wurde die Stadt durch diese Aktion ein St\u00fcck lebenswerter. <a class=\"mh-excerpt-more\" href=\"https:\/\/www.studiogera.de\/001\/2026\/03\/16\/fruehjahrsputz-vom-21-bis-28-maerz-2026\/\" title=\"FR\u00dcHJAHRSPUTZ VOM 21. BIS 28. M\u00c4RZ 2026\">[&#8230;]<\/a><\/p>\n<\/div>","protected":false},"author":2,"featured_media":41819,"comment_status":"open","ping_status":"open","sticky":false,"template":"","format":"standard","meta":{"footnotes":""},"categories":[3],"tags":[],"class_list":{"0":"post-41818","1":"post","2":"type-post","3":"status-publish","4":"format-standard","5":"has-post-thumbnail","7":"category-lokal"},"_links":{"self":[{"href":"https:\/\/www.studiogera.de\/001\/wp-json\/wp\/v2\/posts\/41818","targetHints":{"allow":["GET"]}}],"collection":[{"href":"https:\/\/www.studiogera.de\/001\/wp-json\/wp\/v2\/posts"}],"about":[{"href":"https:\/\/www.studiogera.de\/001\/wp-json\/wp\/v2\/types\/post"}],"author":[{"embeddable":true,"href":"https:\/\/www.studiogera.de\/001\/wp-json\/wp\/v2\/users\/2"}],"replies":[{"embeddable":true,"href":"https:\/\/www.studiogera.de\/001\/wp-json\/wp\/v2\/comments?post=41818"}],"version-history":[{"count":1,"href":"https:\/\/www.studiogera.de\/001\/wp-json\/wp\/v2\/posts\/41818\/revisions"}],"predecessor-version":[{"id":41820,"href":"https:\/\/www.studiogera.de\/001\/wp-json\/wp\/v2\/posts\/41818\/revisions\/41820"}],"wp:featuredmedia":[{"embeddable":true,"href":"https:\/\/www.studiogera.de\/001\/wp-json\/wp\/v2\/media\/41819"}],"wp:attachment":[{"href":"https:\/\/www.studiogera.de\/001\/wp-json\/wp\/v2\/media?parent=41818"}],"wp:term":[{"taxonomy":"category","embeddable":true,"href":"https:\/\/www.studiogera.de\/001\/wp-json\/wp\/v2\/categories?post=41818"},{"taxonomy":"post_tag","embeddable":true,"href":"https:\/\/www.studiogera.de\/001\/wp-json\/wp\/v2\/tags?post=41818"}],"curies":[{"name":"wp","href":"https:\/\/api.w.org\/{rel}","templated":true}]}}