{"id":41825,"date":"2026-03-17T12:17:04","date_gmt":"2026-03-17T11:17:04","guid":{"rendered":"https:\/\/www.studiogera.de\/001\/?p=41825"},"modified":"2026-03-17T12:23:05","modified_gmt":"2026-03-17T11:23:05","slug":"wohnungseinbruch-in-der-feuerbachstrasse","status":"publish","type":"post","link":"https:\/\/www.studiogera.de\/001\/2026\/03\/17\/wohnungseinbruch-in-der-feuerbachstrasse\/","title":{"rendered":"WOHNUNGSEINBRUCH IN DER FEUERBACHSTRASSE"},"content":{"rendered":"\n<p>In der Feuerbachstra\u00dfe kam es zu einem Einbruch in ein Mehrfamilienhaus. Im Zeitraum vom 13. M\u00e4rz, etwa 9.30 Uhr, bis 16. M\u00e4rz 2026, etwa 12 Uhr, verschaffte sich ein bislang unbekannter T\u00e4ter gewaltsam Zutritt zu einer Dachgeschosswohnung, indem er die Wohnungst\u00fcr aufdr\u00fcckte. Anschlie\u00dfend wurden die R\u00e4umlichkeiten durchsucht und Mobiliar besch\u00e4digt. Nach bisherigen Erkenntnissen wurde nichts entwendet. Zudem wurde versucht, eine weitere Wohnungst\u00fcr im Erdgeschoss gewaltsam zu \u00f6ffnen, was jedoch misslang. Der entstandene Sachschaden wird auf knapp vierstellig gesch\u00e4tzt. Die Kriminalpolizei ermittelt im Fall 0066608\/2026.<\/p>\n","protected":false},"excerpt":{"rendered":"<div class=\"mh-excerpt\"><p>In der Feuerbachstra\u00dfe kam es zu einem Einbruch in ein Mehrfamilienhaus. Im Zeitraum vom 13. M\u00e4rz, etwa 9.30 Uhr, bis 16. M\u00e4rz 2026, etwa 12 Uhr, verschaffte sich ein bislang unbekannter T\u00e4ter gewaltsam Zutritt zu <a class=\"mh-excerpt-more\" href=\"https:\/\/www.studiogera.de\/001\/2026\/03\/17\/wohnungseinbruch-in-der-feuerbachstrasse\/\" title=\"WOHNUNGSEINBRUCH IN DER FEUERBACHSTRASSE\">[&#8230;]<\/a><\/p>\n<\/div>","protected":false},"author":2,"featured_media":9351,"comment_status":"open","ping_status":"open","sticky":false,"template":"","format":"standard","meta":{"footnotes":""},"categories":[13],"tags":[],"class_list":{"0":"post-41825","1":"post","2":"type-post","3":"status-publish","4":"format-standard","5":"has-post-thumbnail","7":"category-polizeiberichte"},"_links":{"self":[{"href":"https:\/\/www.studiogera.de\/001\/wp-json\/wp\/v2\/posts\/41825","targetHints":{"allow":["GET"]}}],"collection":[{"href":"https:\/\/www.studiogera.de\/001\/wp-json\/wp\/v2\/posts"}],"about":[{"href":"https:\/\/www.studiogera.de\/001\/wp-json\/wp\/v2\/types\/post"}],"author":[{"embeddable":true,"href":"https:\/\/www.studiogera.de\/001\/wp-json\/wp\/v2\/users\/2"}],"replies":[{"embeddable":true,"href":"https:\/\/www.studiogera.de\/001\/wp-json\/wp\/v2\/comments?post=41825"}],"version-history":[{"count":2,"href":"https:\/\/www.studiogera.de\/001\/wp-json\/wp\/v2\/posts\/41825\/revisions"}],"predecessor-version":[{"id":41829,"href":"https:\/\/www.studiogera.de\/001\/wp-json\/wp\/v2\/posts\/41825\/revisions\/41829"}],"wp:featuredmedia":[{"embeddable":true,"href":"https:\/\/www.studiogera.de\/001\/wp-json\/wp\/v2\/media\/9351"}],"wp:attachment":[{"href":"https:\/\/www.studiogera.de\/001\/wp-json\/wp\/v2\/media?parent=41825"}],"wp:term":[{"taxonomy":"category","embeddable":true,"href":"https:\/\/www.studiogera.de\/001\/wp-json\/wp\/v2\/categories?post=41825"},{"taxonomy":"post_tag","embeddable":true,"href":"https:\/\/www.studiogera.de\/001\/wp-json\/wp\/v2\/tags?post=41825"}],"curies":[{"name":"wp","href":"https:\/\/api.w.org\/{rel}","templated":true}]}}