{"id":41827,"date":"2026-03-17T12:22:33","date_gmt":"2026-03-17T11:22:33","guid":{"rendered":"https:\/\/www.studiogera.de\/001\/?p=41827"},"modified":"2026-03-17T12:22:34","modified_gmt":"2026-03-17T11:22:34","slug":"zwei-tatverdaechtige-nach-ladendiebstahl-gestellt","status":"publish","type":"post","link":"https:\/\/www.studiogera.de\/001\/2026\/03\/17\/zwei-tatverdaechtige-nach-ladendiebstahl-gestellt\/","title":{"rendered":"ZWEI TATVERD\u00c4CHTIGE NACH LADENDIEBSTAHL GESTELLT"},"content":{"rendered":"\n<p>Am 16. M\u00e4rz 2026 wurden in einem Einkaufsmarkt An der Beerweinsch\u00e4nke gegen 17.40 Uhr zwei M\u00e4nner beim Ladendiebstahl ertappt. Die beiden Tatverd\u00e4chtigen im Alter von 24 und 38 Jahren steckten Parf\u00fcm sowie Schuhe im Gesamtwert von rund 270 Euro ein und passierten anschlie\u00dfend den Kassenbereich, ohne die Waren zu bezahlen. Das Personal konnte sie stellen. Gegen beide wurde Anzeige erstattet. Der Fall wurde unter der Nummer 0066795\/2026 aufgenommen.<\/p>\n","protected":false},"excerpt":{"rendered":"<div class=\"mh-excerpt\"><p>Am 16. M\u00e4rz 2026 wurden in einem Einkaufsmarkt An der Beerweinsch\u00e4nke gegen 17.40 Uhr zwei M\u00e4nner beim Ladendiebstahl ertappt. Die beiden Tatverd\u00e4chtigen im Alter von 24 und 38 Jahren steckten Parf\u00fcm sowie Schuhe im Gesamtwert <a class=\"mh-excerpt-more\" href=\"https:\/\/www.studiogera.de\/001\/2026\/03\/17\/zwei-tatverdaechtige-nach-ladendiebstahl-gestellt\/\" title=\"ZWEI TATVERD\u00c4CHTIGE NACH LADENDIEBSTAHL GESTELLT\">[&#8230;]<\/a><\/p>\n<\/div>","protected":false},"author":2,"featured_media":9356,"comment_status":"open","ping_status":"open","sticky":false,"template":"","format":"standard","meta":{"footnotes":""},"categories":[13],"tags":[],"class_list":{"0":"post-41827","1":"post","2":"type-post","3":"status-publish","4":"format-standard","5":"has-post-thumbnail","7":"category-polizeiberichte"},"_links":{"self":[{"href":"https:\/\/www.studiogera.de\/001\/wp-json\/wp\/v2\/posts\/41827","targetHints":{"allow":["GET"]}}],"collection":[{"href":"https:\/\/www.studiogera.de\/001\/wp-json\/wp\/v2\/posts"}],"about":[{"href":"https:\/\/www.studiogera.de\/001\/wp-json\/wp\/v2\/types\/post"}],"author":[{"embeddable":true,"href":"https:\/\/www.studiogera.de\/001\/wp-json\/wp\/v2\/users\/2"}],"replies":[{"embeddable":true,"href":"https:\/\/www.studiogera.de\/001\/wp-json\/wp\/v2\/comments?post=41827"}],"version-history":[{"count":1,"href":"https:\/\/www.studiogera.de\/001\/wp-json\/wp\/v2\/posts\/41827\/revisions"}],"predecessor-version":[{"id":41828,"href":"https:\/\/www.studiogera.de\/001\/wp-json\/wp\/v2\/posts\/41827\/revisions\/41828"}],"wp:featuredmedia":[{"embeddable":true,"href":"https:\/\/www.studiogera.de\/001\/wp-json\/wp\/v2\/media\/9356"}],"wp:attachment":[{"href":"https:\/\/www.studiogera.de\/001\/wp-json\/wp\/v2\/media?parent=41827"}],"wp:term":[{"taxonomy":"category","embeddable":true,"href":"https:\/\/www.studiogera.de\/001\/wp-json\/wp\/v2\/categories?post=41827"},{"taxonomy":"post_tag","embeddable":true,"href":"https:\/\/www.studiogera.de\/001\/wp-json\/wp\/v2\/tags?post=41827"}],"curies":[{"name":"wp","href":"https:\/\/api.w.org\/{rel}","templated":true}]}}